{"id":2234,"date":"2026-02-06T14:34:27","date_gmt":"2026-02-06T13:34:27","guid":{"rendered":"https:\/\/innovitaskolan.se\/visby\/?post_type=article&#038;p=2234"},"modified":"2026-02-06T14:34:27","modified_gmt":"2026-02-06T13:34:27","slug":"oppen-dag","status":"publish","type":"article","link":"https:\/\/innovitaskolan.se\/visby\/artiklar\/oppen-dag\/","title":{"rendered":"\u00d6ppen dag"},"content":{"rendered":"\n<div class=\"wp-block-columns is-layout-flex wp-container-core-columns-layout-1 wp-block-columns-is-layout-flex\">\n<div class=\"wp-block-column is-layout-flow wp-block-column-is-layout-flow\" style=\"flex-basis:25%\"><\/div>\n\n\n\n<div class=\"wp-block-column is-layout-flow wp-block-column-is-layout-flow\" style=\"flex-basis:50%\">\n<h1 class=\"wp-block-heading\">\u00d6ppen dag p\u00e5 Innovitaskolan Visby <\/h1>\n\n\n\n<h2 class=\"wp-block-heading\">L\u00f6rdag 14 februari<\/h2>\n\n\n\n\n<figure  class=\"ams-media l-container l-stack l-stack-2xs u-pt-fluid-Ingen u-pb-fluid-md-xl is-center is-center@md\" >\n\t\t\t\t\t<img decoding=\"async\" width=\"600\" height=\"400\" src=\"https:\/\/innovitaskolan.se\/wp-content\/uploads\/sites\/32\/2024\/06\/innovitaskolan-antagningsprocess-visby-202305-600x400.jpg\" class=\"ams-media__image u-ratio-landscape u-radius-square\" alt=\"En gruppbild p\u00e5 glada elever och pedagog som ler in i kameran.\" sizes=\"(max-width: 600px) 100vw, 600px\" srcset=\"https:\/\/innovitaskolan.se\/wp-content\/uploads\/sites\/32\/2024\/06\/innovitaskolan-antagningsprocess-visby-202305-600x400.jpg 600w, https:\/\/innovitaskolan.se\/wp-content\/uploads\/sites\/32\/2024\/06\/innovitaskolan-antagningsprocess-visby-202305-300x200.jpg 300w, https:\/\/innovitaskolan.se\/wp-content\/uploads\/sites\/32\/2024\/06\/innovitaskolan-antagningsprocess-visby-202305-400x267.jpg 400w, https:\/\/innovitaskolan.se\/wp-content\/uploads\/sites\/32\/2024\/06\/innovitaskolan-antagningsprocess-visby-202305-800x534.jpg 800w, https:\/\/innovitaskolan.se\/wp-content\/uploads\/sites\/32\/2024\/06\/innovitaskolan-antagningsprocess-visby-202305-1024x683.jpg 1024w, https:\/\/innovitaskolan.se\/wp-content\/uploads\/sites\/32\/2024\/06\/innovitaskolan-antagningsprocess-visby-202305-1200x801.jpg 1200w, https:\/\/innovitaskolan.se\/wp-content\/uploads\/sites\/32\/2024\/06\/innovitaskolan-antagningsprocess-visby-202305.jpg 1920w\" \/>\n\t\t\n\t\n\t<\/figure>\n\n\n\n<p>V\u00e4lkommen till v\u00e5r \u00f6ppna skoldag p\u00e5 Innovitaskolan Visby. L\u00f6rdag 14 februari bjuder vi in alla som \u00e4r intresserade av hur en skoldag i f\u00f6rskoleklass till \u00e5rskurs 3 p\u00e5 Innovitaskolan kan se ut.&nbsp;<\/p>\n\n\n\n<p>Ta med kompisar och v\u00e5rdnadshavare och passa p\u00e5 att f\u00e5 en inblick i v\u00e5r skola och hur vi kombinerar trygghet och modern undervisning f\u00f6r att ge varje elev b\u00e4sta m\u00f6jliga f\u00f6ruts\u00e4ttningar!<\/p>\n\n\n\n<p>Ingen anm\u00e4lan kr\u00e4vs och alla \u00e4r v\u00e4lkomna oavsett om ni st\u00e5r i k\u00f6 eller ej.<\/p>\n\n\n\n<p>P\u00e5 plats finns l\u00e4rare och pedagoger i f\u00f6rskoleklass &#8211; \u00e5rskurs 3, resurs- och fritidspersonal samt skolledning.<\/p>\n\n\n\n<p>Hoppas vi ses p\u00e5 l\u00f6rdag!<\/p>\n\n\n\n<p><strong>Datum:<\/strong> L\u00f6rdag 14 februari<br><strong>Tid:<\/strong> 10:00-12:00<br><strong>Plats<\/strong>: Visborgsall\u00e9n 24, Visby<\/p>\n\n\n\n<p>Har du fr\u00e5gor eller funderingar kan du kontakta oss via telefon p\u00e5: 0498-200970 eller genom att maila oss p\u00e5 visby@innovitaskolan.se.<\/p>\n<\/div>\n\n\n\n<div class=\"wp-block-column is-layout-flow wp-block-column-is-layout-flow\" style=\"flex-basis:25%\"><\/div>\n<\/div>\n","protected":false},"template":"","article_category":[],"yoast_head":"<!-- This site is optimized with the Yoast SEO plugin v22.0 - https:\/\/yoast.com\/wordpress\/plugins\/seo\/ -->\n<title>Visby<\/title>\n<meta name=\"robots\" content=\"index, follow, max-snippet:-1, max-image-preview:large, max-video-preview:-1\" \/>\n<link rel=\"canonical\" href=\"https:\/\/innovitaskolan.se\/visby\/artiklar\/oppen-dag\/\" \/>\n<meta property=\"og:locale\" content=\"sv_SE\" \/>\n<meta property=\"og:type\" content=\"article\" \/>\n<meta property=\"og:url\" content=\"https:\/\/innovitaskolan.se\/visby\/artiklar\/oppen-dag\/\" \/>\n<meta property=\"og:site_name\" content=\"Visby\" \/>\n<meta name=\"twitter:card\" content=\"summary_large_image\" \/>\n<meta name=\"twitter:label1\" content=\"Ber\u00e4knad l\u00e4stid\" \/>\n\t<meta name=\"twitter:data1\" content=\"1 minut\" \/>\n<script type=\"application\/ld+json\" class=\"yoast-schema-graph\">{\"@context\":\"https:\/\/schema.org\",\"@graph\":[{\"@type\":\"WebPage\",\"@id\":\"https:\/\/innovitaskolan.se\/visby\/artiklar\/oppen-dag\/\",\"url\":\"https:\/\/innovitaskolan.se\/visby\/artiklar\/oppen-dag\/\",\"name\":\"\u00d6ppen dag - Visby\",\"isPartOf\":{\"@id\":\"https:\/\/innovitaskolan.se\/visby\/#website\"},\"datePublished\":\"2026-02-06T13:34:27+00:00\",\"dateModified\":\"2026-02-06T13:34:27+00:00\",\"breadcrumb\":{\"@id\":\"https:\/\/innovitaskolan.se\/visby\/artiklar\/oppen-dag\/#breadcrumb\"},\"inLanguage\":\"sv-SE\",\"potentialAction\":[{\"@type\":\"ReadAction\",\"target\":[\"https:\/\/innovitaskolan.se\/visby\/artiklar\/oppen-dag\/\"]}]},{\"@type\":\"BreadcrumbList\",\"@id\":\"https:\/\/innovitaskolan.se\/visby\/artiklar\/oppen-dag\/#breadcrumb\",\"itemListElement\":[{\"@type\":\"ListItem\",\"position\":1,\"name\":\"Start\",\"item\":\"https:\/\/innovitaskolan.se\/visby\"},{\"@type\":\"ListItem\",\"position\":2,\"name\":\"Artiklar\"}]},{\"@type\":\"WebSite\",\"@id\":\"https:\/\/innovitaskolan.se\/visby\/#website\",\"url\":\"https:\/\/innovitaskolan.se\/visby\/\",\"name\":\"Visby\",\"description\":\"En del av AcadeMedia\",\"potentialAction\":[{\"@type\":\"SearchAction\",\"target\":{\"@type\":\"EntryPoint\",\"urlTemplate\":\"https:\/\/innovitaskolan.se\/visby\/?s={search_term_string}\"},\"query-input\":\"required name=search_term_string\"}],\"inLanguage\":\"sv-SE\"}]}<\/script>\n<!-- \/ Yoast SEO plugin. -->","yoast_head_json":{"title":"Visby","robots":{"index":"index","follow":"follow","max-snippet":"max-snippet:-1","max-image-preview":"max-image-preview:large","max-video-preview":"max-video-preview:-1"},"canonical":"https:\/\/innovitaskolan.se\/visby\/artiklar\/oppen-dag\/","og_locale":"sv_SE","og_type":"article","og_url":"https:\/\/innovitaskolan.se\/visby\/artiklar\/oppen-dag\/","og_site_name":"Visby","twitter_card":"summary_large_image","twitter_misc":{"Ber\u00e4knad l\u00e4stid":"1 minut"},"schema":{"@context":"https:\/\/schema.org","@graph":[{"@type":"WebPage","@id":"https:\/\/innovitaskolan.se\/visby\/artiklar\/oppen-dag\/","url":"https:\/\/innovitaskolan.se\/visby\/artiklar\/oppen-dag\/","name":"\u00d6ppen dag - Visby","isPartOf":{"@id":"https:\/\/innovitaskolan.se\/visby\/#website"},"datePublished":"2026-02-06T13:34:27+00:00","dateModified":"2026-02-06T13:34:27+00:00","breadcrumb":{"@id":"https:\/\/innovitaskolan.se\/visby\/artiklar\/oppen-dag\/#breadcrumb"},"inLanguage":"sv-SE","potentialAction":[{"@type":"ReadAction","target":["https:\/\/innovitaskolan.se\/visby\/artiklar\/oppen-dag\/"]}]},{"@type":"BreadcrumbList","@id":"https:\/\/innovitaskolan.se\/visby\/artiklar\/oppen-dag\/#breadcrumb","itemListElement":[{"@type":"ListItem","position":1,"name":"Start","item":"https:\/\/innovitaskolan.se\/visby"},{"@type":"ListItem","position":2,"name":"Artiklar"}]},{"@type":"WebSite","@id":"https:\/\/innovitaskolan.se\/visby\/#website","url":"https:\/\/innovitaskolan.se\/visby\/","name":"Visby","description":"En del av AcadeMedia","potentialAction":[{"@type":"SearchAction","target":{"@type":"EntryPoint","urlTemplate":"https:\/\/innovitaskolan.se\/visby\/?s={search_term_string}"},"query-input":"required name=search_term_string"}],"inLanguage":"sv-SE"}]}},"_links":{"self":[{"href":"https:\/\/innovitaskolan.se\/visby\/wp-json\/wp\/v2\/article\/2234"}],"collection":[{"href":"https:\/\/innovitaskolan.se\/visby\/wp-json\/wp\/v2\/article"}],"about":[{"href":"https:\/\/innovitaskolan.se\/visby\/wp-json\/wp\/v2\/types\/article"}],"wp:attachment":[{"href":"https:\/\/innovitaskolan.se\/visby\/wp-json\/wp\/v2\/media?parent=2234"}],"wp:term":[{"taxonomy":"article_category","embeddable":true,"href":"https:\/\/innovitaskolan.se\/visby\/wp-json\/wp\/v2\/article_category?post=2234"}],"curies":[{"name":"wp","href":"https:\/\/api.w.org\/{rel}","templated":true}]}}