{"id":2077,"date":"2025-11-27T15:14:57","date_gmt":"2025-11-27T14:14:57","guid":{"rendered":"https:\/\/innovitaskolan.se\/rudan\/?post_type=article&#038;p=2077"},"modified":"2025-11-27T15:14:58","modified_gmt":"2025-11-27T14:14:58","slug":"pedagoger","status":"publish","type":"article","link":"https:\/\/innovitaskolan.se\/rudan\/artiklar\/pedagoger\/","title":{"rendered":"Pedagoger"},"content":{"rendered":"\n<div class=\"wp-block-columns is-layout-flex wp-container-core-columns-layout-1 wp-block-columns-is-layout-flex\">\n<div class=\"wp-block-column is-layout-flow wp-block-column-is-layout-flow\" style=\"flex-basis:15%\"><\/div>\n\n\n\n<div class=\"wp-block-column is-layout-flow wp-block-column-is-layout-flow\" style=\"flex-basis:70%\">\n<h1 class=\"wp-block-heading\">S\u00e4g hej till n\u00e5gra av v\u00e5ra pedagoger<\/h1>\n\n\n\n<p   class=\"site__ingress container text-left  site__text-color--dark  site__free_text--ingress p-0\">\n\tL\u00e4r k\u00e4nna v\u00e5ra pedagoger och l\u00e4rare lite b\u00e4ttre! Vad motiverar dem mest och hur uppmuntrar de till nyfikenhet och kreativitet? <\/p>\n\n\n\n\n\n<h2 class=\"wp-block-heading\"><em>Guler Akdag<\/em> \u2013 Pedagog p\u00e5 f\u00f6rskolan<\/h2>\n\n\n\n<h3 class=\"wp-block-heading\">Vad tycker du \u00e4r det roligaste med att g\u00e5 till jobbet?<\/h3>\n\n\n\n<p>Att m\u00f6ta barnens nyfikenhet varje dag och f\u00e5 vara en del av deras l\u00e4rande och utveckling \u00e4r det absolut roligaste. Varje dag bjuder p\u00e5 nya uppt\u00e4ckter tillsammans.<\/p>\n\n\n\n<h3 class=\"wp-block-heading\">Vad \u00e4r du extra stolt \u00f6ver p\u00e5 er f\u00f6rskola?<\/h3>\n\n\n\n<p>Vi \u00e4r stolta \u00f6ver v\u00e5r trygga och kreativa l\u00e4rmilj\u00f6 d\u00e4r barnen uppmuntras att utforska, leka och l\u00e4ra tillsammans. Vi arbetar aktivt med v\u00e4rdegrund och inkludering.<\/p>\n\n\n\n<h3 class=\"wp-block-heading\">Hur besvarar och uppmuntrar du barnens nyfikenhet?<\/h3>\n\n\n\n<p>Vi lyssnar p\u00e5 barnens fr\u00e5gor och tar tillvara p\u00e5 deras intressen i undervisningen. Genom lek, samtal och experiment bygger vi vidare p\u00e5 det de \u00e4r nyfikna p\u00e5.<\/p>\n\n\n\n<h3 class=\"wp-block-heading\">Hur arbetar du med att bygga goda relationer med barnens v\u00e5rdnadshavare?<\/h3>\n\n\n\n<p>Jag brinner f\u00f6r trygga relationer och l\u00e4gger stor vikt vid \u00f6ppen kommunikation med v\u00e5rdnadshavarna. Genom dagliga \u00f6verl\u00e4mningar, kontakt vid behov och lyh\u00f6rdhet skapar jag f\u00f6rtroende. Jag betonar vikten av samsyn och en r\u00f6d tr\u00e5d mellan hem och f\u00f6rskola f\u00f6r att ge barnen de b\u00e4sta f\u00f6ruts\u00e4ttningarna. N\u00e4r barnen ser samspelet mellan pedagog och v\u00e5rdnadshavare st\u00e4rks deras k\u00e4nsla av trygghet och samarbete.<\/p>\n\n\n\n<div style=\"height:68px\" aria-hidden=\"true\" class=\"wp-block-spacer\"><\/div>\n\n\n\n<h2 class=\"wp-block-heading\"><em>Linda Holmgren \u2013 <\/em>L\u00e4rare p\u00e5 l\u00e5g- och mellanstadiet<\/h2>\n\n\n\n<h3 class=\"wp-block-heading\">Hur jobbar du med att v\u00e4cka nyfikenhet hos eleverna n\u00e4r du undervisar?<\/h3>\n\n\n\n<p>Vi utg\u00e5r fr\u00e5n elevernas egna fr\u00e5gor och kopplar inneh\u00e5llet till deras vardag. Genom att variera undervisningen med praktiska moment, digitala verktyg och samarbets\u00f6vningar skapar vi engagemang. Vi anv\u00e4nder \u00f6ppna fr\u00e5gor, nyhetskopplingar och tv\u00e4rvetenskapliga projekt som g\u00f6r l\u00e4randet meningsfullt. Elevinflytande \u00e4r centralt \u2013 det ger motivation!<\/p>\n\n\n\n<h3 class=\"wp-block-heading\">Kan du ber\u00e4tta om en extra minnesv\u00e4rd stund p\u00e5 en lektion eller p\u00e5 skolan?<\/h3>\n\n\n\n<p>Under v\u00e5rt rymdtema byggde eleverna egna raketer och gjorde uppskjutningar p\u00e5 skolg\u00e5rden. Det blev en l\u00e4rorik dag fylld av skratt, samarbete och massor av ny kunskap.<\/p>\n\n\n\n<h3 class=\"wp-block-heading\">Finns det n\u00e5gon bok, film, podd eller serie som inspirerar dig i ditt yrke?<\/h3>\n\n\n\n<p>Poddserien &#8221;Skolspanarna&#8221; inspirerar mycket med sina konkreta tips kring digitala verktyg och pedagogiska metoder. Den ger b\u00e5de nya id\u00e9er och reflektion.<\/p>\n\n\n\n<h3 class=\"wp-block-heading\">Hur arbetar du med att bygga goda relationer p\u00e5 skolan?<\/h3>\n\n\n\n<p>Vi jobbar aktivt med relationsskapande och tydliga rutiner. Alla elever ska k\u00e4nna sig sedda, h\u00f6rda och trygga. Genom regelbundna klassr\u00e5d, v\u00e4rderings\u00f6vningar och samarbetslekar bygger vi gemenskap. Vi har ett n\u00e4ra samarbete med elevh\u00e4lsan och anpassar undervisningen s\u00e5 att alla kan lyckas. Respekt och ansvar \u00e4r tv\u00e5 nyckelord i v\u00e5r vardag.<\/p>\n\n\n\n<div style=\"height:69px\" aria-hidden=\"true\" class=\"wp-block-spacer\"><\/div>\n\n\n\n<h2 class=\"wp-block-heading\"><em>Hassan Salem \u2013 <\/em>L\u00e4rare p\u00e5 h\u00f6gstadiet,  Matematik och NO<\/h2>\n\n\n\n<h3 class=\"wp-block-heading\">Vilken typ av uppgifter m\u00e4rker du skapar mest engagemang hos eleverna?<\/h3>\n\n\n\n<p>Uppgifter d\u00e4r eleverna f\u00e5r unders\u00f6ka, skapa n\u00e5got eget eller l\u00f6sa verkliga problem \u2013 g\u00e4rna i grupp. Praktiska moment eller projekt med tydlig koppling till deras liv engagerar mest.<\/p>\n\n\n\n<h3 class=\"wp-block-heading\">Hur uppmuntrar du eleverna till kreativitet och att t\u00e4nka i nya banor?<\/h3>\n\n\n\n<p>Vi utmanar eleverna att t\u00e4nka sj\u00e4lva genom \u00f6ppna fr\u00e5gor och kreativa uppgifter d\u00e4r det inte finns ett givet r\u00e4tt svar. Vi arbetar med probleml\u00f6sning, entrepren\u00f6riellt l\u00e4rande och varierade uttrycksformer som bild, drama eller digitala verktyg. Eleverna f\u00e5r ofta v\u00e4lja arbetss\u00e4tt sj\u00e4lva, vilket fr\u00e4mjar deras kreativitet och ansvarstagande.<\/p>\n\n\n\n<h3 class=\"wp-block-heading\">N\u00e4r k\u00e4nner du som l\u00e4rare att du har lyckats?<\/h3>\n\n\n\n<p>N\u00e4r en elev s\u00e4ger &#8221;aha, nu fattar jag!&#8221; eller visar stolthet \u00f6ver sitt arbete \u2013 d\u00e5 vet jag att l\u00e4randet har skett p\u00e5 riktigt.<\/p>\n\n\n\n<h3 class=\"wp-block-heading\">Hur ser relationen ut mellan elever och personal p\u00e5 skolan?<\/h3>\n\n\n\n<p>Vi differentierar uppgifter och anpassar efter elevernas niv\u00e5er. Vi arbetar t\u00e4tt med specialpedagog och elevh\u00e4lsa f\u00f6r att skapa tillg\u00e4nglig undervisning. Struktur, tydliga instruktioner och m\u00f6jlighet till st\u00f6d i mindre grupper g\u00f6r att alla f\u00e5r chans att lyckas. Trygghet och relation \u00e4r grunden f\u00f6r l\u00e4rande, oavsett behov.<\/p>\n<\/div>\n\n\n\n<div class=\"wp-block-column is-layout-flow wp-block-column-is-layout-flow\" style=\"flex-basis:15%\"><\/div>\n<\/div>\n\n\n\n\n<section  class=\"ams-cta ams-cta--stacked c-block l-stacked\" data-color-scheme=\"beige\">\n\t<div class=\"l-container-narrow l-stack l-stack-fluid-2xl u-pt-fluid-md-xl u-pb-fluid-md-xl is-center is-center@md\">\n\t\t\t\t\t<div class=\"ams-cta__intro l-stack l-stack-lg\">\n\t\t\t\t\t\n\t<h3\n\tclass=\"c-heading u-font-title-1 \"\n\tstyle=\"\">\n\t\t\n\t\t\t\t\tVill du l\u00e4sa mer om v\u00e5rt pedagogiska koncept?\n\t\t\t\t\n\t<\/h3>\n\n\t\t\t\t\t\t\t<\/div>\n\t\t\n\t\t\n\t\t\t<div class=\"ams-cta__action u-inline-items\">\n\t\t\t\t\t\t\t\n\n\n<a href=\"https:\/\/innovitaskolan.se\/rudan\/pedagogiskt-koncept\/\"\n\t\n\tclass=\"c-btn \"\n\tdata-style=\"round\"\n\tdata-size=\"md\"\n\tdata-width=\"full-mobile\"\n\tdata-variant=\"default\"\n\ttarget=\"_self\">\n\t\t\t<span class=\"label\"> V\u00e5rt pedagogiska koncept<\/span>\n\t\t\t<\/a>\n\t\t\t<\/div>\n\t<\/div>\n\n\t\t\n\t\t\t\n\t\t\t\t\t\t\t\n\t\t\t\t<div class=\"c-bg c-bg--img\" data-settings=\"{&quot;desktop_settings&quot;:{&quot;size&quot;:&quot;auto&quot;,&quot;position&quot;:&quot;top-left&quot;},&quot;mobile_settings&quot;:{&quot;size&quot;:&quot;auto&quot;,&quot;position&quot;:&quot;top-left&quot;}}\" data-position=\"middle-center\" data-size=\"cover\">\n\t\t\t\n\t\t<\/div>\n\t\t\t\n\t\t\t\t\t\t\t\n\t\t\t\t<div class=\"c-bg c-bg--img\" data-settings=\"{&quot;desktop_settings&quot;:{&quot;size&quot;:&quot;auto&quot;,&quot;position&quot;:&quot;bottom-right&quot;},&quot;mobile_settings&quot;:{&quot;size&quot;:&quot;auto&quot;,&quot;position&quot;:&quot;bottom-right&quot;}}\" data-position=\"middle-center\" data-size=\"cover\">\n\t\t\t\n\t\t<\/div>\n\t\n<\/section>\n","protected":false},"template":"","article_category":[26],"yoast_head":"<!-- This site is optimized with the Yoast SEO plugin v22.0 - https:\/\/yoast.com\/wordpress\/plugins\/seo\/ -->\n<title>L\u00e4r k\u00e4nna v\u00e5ra pedagoger | Innovitaskolan Rudan<\/title>\n<meta name=\"description\" content=\"L\u00e4r k\u00e4nna v\u00e5ra pedagoger och l\u00e4rare p\u00e5 Innovitaskolan Rudan! Vad motiverar dem och hur uppmuntrar de till nyfikenhet och kreativitet?\" \/>\n<meta name=\"robots\" content=\"index, follow, max-snippet:-1, max-image-preview:large, max-video-preview:-1\" \/>\n<link rel=\"canonical\" href=\"https:\/\/innovitaskolan.se\/rudan\/artiklar\/pedagoger\/\" \/>\n<meta property=\"og:locale\" content=\"sv_SE\" \/>\n<meta property=\"og:type\" content=\"article\" \/>\n<meta property=\"og:title\" content=\"L\u00e4r k\u00e4nna v\u00e5ra pedagoger | Innovitaskolan Rudan\" \/>\n<meta property=\"og:description\" content=\"L\u00e4r k\u00e4nna v\u00e5ra pedagoger och l\u00e4rare p\u00e5 Innovitaskolan Rudan! Vad motiverar dem och hur uppmuntrar de till nyfikenhet och kreativitet?\" \/>\n<meta property=\"og:url\" content=\"https:\/\/innovitaskolan.se\/rudan\/artiklar\/pedagoger\/\" \/>\n<meta property=\"og:site_name\" content=\"Rudan\" \/>\n<meta property=\"article:modified_time\" content=\"2025-11-27T14:14:58+00:00\" \/>\n<meta name=\"twitter:card\" content=\"summary_large_image\" \/>\n<meta name=\"twitter:title\" content=\"L\u00e4r k\u00e4nna v\u00e5ra pedagoger | Innovitaskolan Rudan\" \/>\n<meta name=\"twitter:description\" content=\"L\u00e4r k\u00e4nna v\u00e5ra pedagoger och l\u00e4rare p\u00e5 Innovitaskolan Rudan! Vad motiverar dem och hur uppmuntrar de till nyfikenhet och kreativitet?\" \/>\n<meta name=\"twitter:label1\" content=\"Ber\u00e4knad l\u00e4stid\" \/>\n\t<meta name=\"twitter:data1\" content=\"4 minuter\" \/>\n<script type=\"application\/ld+json\" class=\"yoast-schema-graph\">{\"@context\":\"https:\/\/schema.org\",\"@graph\":[{\"@type\":\"WebPage\",\"@id\":\"https:\/\/innovitaskolan.se\/rudan\/artiklar\/pedagoger\/\",\"url\":\"https:\/\/innovitaskolan.se\/rudan\/artiklar\/pedagoger\/\",\"name\":\"L\u00e4r k\u00e4nna v\u00e5ra pedagoger | Innovitaskolan Rudan\",\"isPartOf\":{\"@id\":\"https:\/\/innovitaskolan.se\/rudan\/#website\"},\"datePublished\":\"2025-11-27T14:14:57+00:00\",\"dateModified\":\"2025-11-27T14:14:58+00:00\",\"description\":\"L\u00e4r k\u00e4nna v\u00e5ra pedagoger och l\u00e4rare p\u00e5 Innovitaskolan Rudan! Vad motiverar dem och hur uppmuntrar de till nyfikenhet och kreativitet?\",\"breadcrumb\":{\"@id\":\"https:\/\/innovitaskolan.se\/rudan\/artiklar\/pedagoger\/#breadcrumb\"},\"inLanguage\":\"sv-SE\",\"potentialAction\":[{\"@type\":\"ReadAction\",\"target\":[\"https:\/\/innovitaskolan.se\/rudan\/artiklar\/pedagoger\/\"]}]},{\"@type\":\"BreadcrumbList\",\"@id\":\"https:\/\/innovitaskolan.se\/rudan\/artiklar\/pedagoger\/#breadcrumb\",\"itemListElement\":[{\"@type\":\"ListItem\",\"position\":1,\"name\":\"Start\",\"item\":\"https:\/\/innovitaskolan.se\/rudan\"},{\"@type\":\"ListItem\",\"position\":2,\"name\":\"Artiklar\"}]},{\"@type\":\"WebSite\",\"@id\":\"https:\/\/innovitaskolan.se\/rudan\/#website\",\"url\":\"https:\/\/innovitaskolan.se\/rudan\/\",\"name\":\"Rudan\",\"description\":\"En del av AcadeMedia\",\"potentialAction\":[{\"@type\":\"SearchAction\",\"target\":{\"@type\":\"EntryPoint\",\"urlTemplate\":\"https:\/\/innovitaskolan.se\/rudan\/?s={search_term_string}\"},\"query-input\":\"required name=search_term_string\"}],\"inLanguage\":\"sv-SE\"}]}<\/script>\n<!-- \/ Yoast SEO plugin. -->","yoast_head_json":{"title":"L\u00e4r k\u00e4nna v\u00e5ra pedagoger | Innovitaskolan Rudan","description":"L\u00e4r k\u00e4nna v\u00e5ra pedagoger och l\u00e4rare p\u00e5 Innovitaskolan Rudan! Vad motiverar dem och hur uppmuntrar de till nyfikenhet och kreativitet?","robots":{"index":"index","follow":"follow","max-snippet":"max-snippet:-1","max-image-preview":"max-image-preview:large","max-video-preview":"max-video-preview:-1"},"canonical":"https:\/\/innovitaskolan.se\/rudan\/artiklar\/pedagoger\/","og_locale":"sv_SE","og_type":"article","og_title":"L\u00e4r k\u00e4nna v\u00e5ra pedagoger | Innovitaskolan Rudan","og_description":"L\u00e4r k\u00e4nna v\u00e5ra pedagoger och l\u00e4rare p\u00e5 Innovitaskolan Rudan! Vad motiverar dem och hur uppmuntrar de till nyfikenhet och kreativitet?","og_url":"https:\/\/innovitaskolan.se\/rudan\/artiklar\/pedagoger\/","og_site_name":"Rudan","article_modified_time":"2025-11-27T14:14:58+00:00","twitter_card":"summary_large_image","twitter_title":"L\u00e4r k\u00e4nna v\u00e5ra pedagoger | Innovitaskolan Rudan","twitter_description":"L\u00e4r k\u00e4nna v\u00e5ra pedagoger och l\u00e4rare p\u00e5 Innovitaskolan Rudan! Vad motiverar dem och hur uppmuntrar de till nyfikenhet och kreativitet?","twitter_misc":{"Ber\u00e4knad l\u00e4stid":"4 minuter"},"schema":{"@context":"https:\/\/schema.org","@graph":[{"@type":"WebPage","@id":"https:\/\/innovitaskolan.se\/rudan\/artiklar\/pedagoger\/","url":"https:\/\/innovitaskolan.se\/rudan\/artiklar\/pedagoger\/","name":"L\u00e4r k\u00e4nna v\u00e5ra pedagoger | Innovitaskolan Rudan","isPartOf":{"@id":"https:\/\/innovitaskolan.se\/rudan\/#website"},"datePublished":"2025-11-27T14:14:57+00:00","dateModified":"2025-11-27T14:14:58+00:00","description":"L\u00e4r k\u00e4nna v\u00e5ra pedagoger och l\u00e4rare p\u00e5 Innovitaskolan Rudan! Vad motiverar dem och hur uppmuntrar de till nyfikenhet och kreativitet?","breadcrumb":{"@id":"https:\/\/innovitaskolan.se\/rudan\/artiklar\/pedagoger\/#breadcrumb"},"inLanguage":"sv-SE","potentialAction":[{"@type":"ReadAction","target":["https:\/\/innovitaskolan.se\/rudan\/artiklar\/pedagoger\/"]}]},{"@type":"BreadcrumbList","@id":"https:\/\/innovitaskolan.se\/rudan\/artiklar\/pedagoger\/#breadcrumb","itemListElement":[{"@type":"ListItem","position":1,"name":"Start","item":"https:\/\/innovitaskolan.se\/rudan"},{"@type":"ListItem","position":2,"name":"Artiklar"}]},{"@type":"WebSite","@id":"https:\/\/innovitaskolan.se\/rudan\/#website","url":"https:\/\/innovitaskolan.se\/rudan\/","name":"Rudan","description":"En del av AcadeMedia","potentialAction":[{"@type":"SearchAction","target":{"@type":"EntryPoint","urlTemplate":"https:\/\/innovitaskolan.se\/rudan\/?s={search_term_string}"},"query-input":"required name=search_term_string"}],"inLanguage":"sv-SE"}]}},"_links":{"self":[{"href":"https:\/\/innovitaskolan.se\/rudan\/wp-json\/wp\/v2\/article\/2077"}],"collection":[{"href":"https:\/\/innovitaskolan.se\/rudan\/wp-json\/wp\/v2\/article"}],"about":[{"href":"https:\/\/innovitaskolan.se\/rudan\/wp-json\/wp\/v2\/types\/article"}],"wp:attachment":[{"href":"https:\/\/innovitaskolan.se\/rudan\/wp-json\/wp\/v2\/media?parent=2077"}],"wp:term":[{"taxonomy":"article_category","embeddable":true,"href":"https:\/\/innovitaskolan.se\/rudan\/wp-json\/wp\/v2\/article_category?post=2077"}],"curies":[{"name":"wp","href":"https:\/\/api.w.org\/{rel}","templated":true}]}}