{"id":2002,"date":"2025-11-27T15:12:46","date_gmt":"2025-11-27T14:12:46","guid":{"rendered":"https:\/\/innovitaskolan.se\/nykoping\/?post_type=article&#038;p=2002"},"modified":"2025-11-27T15:12:47","modified_gmt":"2025-11-27T14:12:47","slug":"pedagoger","status":"publish","type":"article","link":"https:\/\/innovitaskolan.se\/nykoping\/artiklar\/pedagoger\/","title":{"rendered":"L\u00e4r k\u00e4nna v\u00e5ra pedagoger"},"content":{"rendered":"\n<div class=\"wp-block-columns is-layout-flex wp-container-core-columns-layout-1 wp-block-columns-is-layout-flex\">\n<div class=\"wp-block-column is-layout-flow wp-block-column-is-layout-flow\" style=\"flex-basis:15%\"><\/div>\n\n\n\n<div class=\"wp-block-column is-layout-flow wp-block-column-is-layout-flow\" style=\"flex-basis:70%\">\n<h1 class=\"wp-block-heading\">S\u00e4g hej till n\u00e5gra av v\u00e5ra pedagoger<\/h1>\n\n\n\n<p   class=\"site__ingress container text-left  site__text-color--dark  site__free_text--ingress p-0\">\n\tL\u00e4r k\u00e4nna v\u00e5ra pedagoger och l\u00e4rare lite b\u00e4ttre! Vad motiverar dem mest och hur uppmuntrar de till nyfikenhet och kreativitet? <\/p>\n\n\n\n\n\n<h2 class=\"wp-block-heading\"><em>Markus R\u00e5stedt<\/em> \u2013 L\u00e4rare p\u00e5 l\u00e5g- och mellanstadiet, Idrott\/H\u00e4lsa och SO<\/h2>\n\n\n\n<h3 class=\"wp-block-heading\">Hur jobbar du med att v\u00e4cka nyfikenhet hos eleverna n\u00e4r du undervisar?<\/h3>\n\n\n\n<p>Jag anv\u00e4nder mig av eleverna och deras intressen. Jag f\u00f6rs\u00f6ker hitta en koppling mellan elevernas egna erfarenheter och det arbetsomr\u00e5de vi ska introducera.<\/p>\n\n\n\n<h3 class=\"wp-block-heading\">Kan du ber\u00e4tta om en extra minnesv\u00e4rd stund p\u00e5 en lektion eller p\u00e5 skolan?<\/h3>\n\n\n\n<p>Jag minns tydligt ett minne d\u00e4r jag var ute p\u00e5 rastvakt. N\u00e4r jag vandrade upp i skogen hittade jag ett g\u00e4ng elever i \u00e5k 3 som lekte &#8221;j\u00e4garsten\u00e5lder&#8221;. De hade byggt hyddor, anv\u00e4nde pinnar som verktyg och letade mat. Eleverna ber\u00e4ttade f\u00f6r mig att de rest tillbaka i tiden och befann sig strax efter istidens slut och kunde \u00e4ven visa mig vilka sp\u00e5r efter istiden som fanns p\u00e5 skolg\u00e5rden, exempelvis isr\u00e4fflor i bergen. Vi hade precis avslutat arbetet med forntiden och p\u00e5 n\u00e5got vis k\u00e4nde jag att jag hade lyckats v\u00e4cka nyfikenhet g\u00e4llande arbetsomr\u00e5det.<\/p>\n\n\n\n<h3 class=\"wp-block-heading\">Finns det n\u00e5gon bok, film, podd eller serie som inspirerar dig i ditt yrke?<\/h3>\n\n\n\n<p>Jag anv\u00e4nder mig mycket av Geografens testamente i arbetet om Europas, Nordens och Sveriges geografi. Det \u00e4r en sp\u00e4nnande filmserie som f\u00e4ngslar eleverna. Den bjuder p\u00e5 mycket sp\u00e4nning och utbildar samtidigt eleverna i hur det ser ut geografiskt i v\u00e5ra olika milj\u00f6er. Centrala begrepp lyfts \u00e4ven fram p\u00e5 ett bra s\u00e4tt.<\/p>\n\n\n\n<h3 class=\"wp-block-heading\">Hur arbetar du med att bygga goda relationer p\u00e5 skolan?<\/h3>\n\n\n\n<p>Jag bjuder p\u00e5 mig sj\u00e4lv och v\u00e5gar bjuda in till skratt i vissa stunder. Jag bem\u00f6ter alla elever med ett leende p\u00e5 l\u00e4pparna och visar att jag ser och h\u00f6r deras \u00e5sikter. Jag \u00e4r samtidigt en auktoritativ ledare som s\u00e4tter tydliga gr\u00e4nser d\u00e5 vi ofta m\u00e4rker att barn och ungdomar finner trygghet i tydliga ramar och f\u00f6rh\u00e5llningsregler.<\/p>\n\n\n\n\t<style>\n\t\t.inner {\n\n\t\t\tmargin: 0 auto;\n\n\n\t\t}\n\t<\/style>\n\t<div\n\t\t class=\"container images-module\" >\n\t\t<div class=\"row images_module__slideshow\">\n\n\t\t\t<div\n\t\t\t\t\tclass=\"col-md-12 p-0 position-relative images_module__slideshow images_module__slideshow-container  \">\n\t\t\t\t<div class=\"images_module__slide\" data-slide=\"\"\n\t\t\t\t\t data-duration=\"\"><\/div>\n\t\t\t\t\t\t\t\t\t<div\n\t\t\t\t\t\t class=\"images_module__slides\n\n\t\t\t\t\t   \"\n\t\t\t\t\t>\n\n\t\t\t\t\t\t<div class=\"images__wrapper\" style=\"aspect-ratio: 851 \/ 851;\">\n\t\t\t\t\t\t\t<img decoding=\"async\" width=\"1920\" height=\"2560\" src=\"https:\/\/innovitaskolan.se\/wp-content\/uploads\/sites\/20\/2025\/10\/20251007102407-scaled.jpg\" class=\"images__image_ratio  \" alt=\"\" style=\"aspect-ratio: 851 \/ 851;object-position: center center;\" srcset=\"https:\/\/innovitaskolan.se\/wp-content\/uploads\/sites\/20\/2025\/10\/20251007102407-scaled.jpg 1920w, https:\/\/innovitaskolan.se\/wp-content\/uploads\/sites\/20\/2025\/10\/20251007102407-300x400.jpg 300w, https:\/\/innovitaskolan.se\/wp-content\/uploads\/sites\/20\/2025\/10\/20251007102407-400x533.jpg 400w, https:\/\/innovitaskolan.se\/wp-content\/uploads\/sites\/20\/2025\/10\/20251007102407-600x800.jpg 600w, https:\/\/innovitaskolan.se\/wp-content\/uploads\/sites\/20\/2025\/10\/20251007102407-800x1067.jpg 800w, https:\/\/innovitaskolan.se\/wp-content\/uploads\/sites\/20\/2025\/10\/20251007102407-1024x1365.jpg 1024w, https:\/\/innovitaskolan.se\/wp-content\/uploads\/sites\/20\/2025\/10\/20251007102407-1200x1600.jpg 1200w\" sizes=\"(max-width: 1920px) 100vw, 1920px\" \/>\t\t\t\t\t\t<\/div>\n\t\t\t\t\t\t\n\n\t\t\t\t\t\t\t\t\t\t\t<\/div>\n\t\t\t\t\n\t\t\t\t<div class=\"images_module__container_dot\">\n\t\t\t\t\t<div style=\"text-align:center\">\n\n\n\t\t\t\t\t\t\t\t\t\t\t\t\t<span   data-i=\"0\"\n\t\t\t\t\t\t\t\t  class=\"\n\t\t\t\t\t\t\timages_module__dot\n\t\t\t\t\t\t\t\t\t\t\t\t\t\t\"\n\t\t\t\t\t\t\t><\/span>\n\t\t\t\t\t\t\t\t\t\t\t<\/div>\n\t\t\t\t<\/div>\n\n\n\t\t\t<\/div>\n\t\t<\/div>\n\t<\/div>\n\n\t\n\n\n<script>\n\tvar images_display_descriptive_text = \"\";\n<\/script>\n\n\n\n<h2 class=\"wp-block-heading\"><em>Madeleine Hauke Odenhed \u2013 <\/em>L\u00e4rare p\u00e5 h\u00f6gstadiet, Svenska<\/h2>\n\n\n\n<h3 class=\"wp-block-heading\">Vilken typ av uppgift m\u00e4rker du skapar mest engagemang hos eleverna?<\/h3>\n\n\n\n<p>Att vara spr\u00e5kl\u00e4rare \u00e4r p\u00e5 m\u00e5nga s\u00e4tt en lyx eftersom n\u00e4stan vad som helst kan f\u00f6rvandlas till undervisning. Det \u00e4r bara fantasin som s\u00e4tter gr\u00e4nserna. N\u00e4r jag planerar min undervisning str\u00e4var jag efter att v\u00e4va in mellanm\u00e4nskliga fr\u00e5gor och teman som de flesta elever kan k\u00e4nna igen sig i eller p\u00e5 n\u00e5got s\u00e4tt relatera till. Min f\u00f6rhoppning \u00e4r att inneh\u00e5llet ska v\u00e4cka k\u00e4nslor och ber\u00f6ra.<br>Ofta f\u00f6rs\u00f6ker jag utg\u00e5 fr\u00e5n elevernas egen vardag, intressen eller det som trendar p\u00e5 sociala medier.<\/p>\n\n\n\n<h3 class=\"wp-block-heading\">Hur uppmuntrar du eleverna till kreativitet och att t\u00e4nka i nya banor?<\/h3>\n\n\n\n<p>Fr\u00e5n f\u00f6rsta dagen \u00e4r jag tydlig med att det inte \u00e4r elevernas \u00e5sikter som bed\u00f6ms, utan hur de uttrycker dem. Jag uppmuntrar elever att ta ut sv\u00e4ngarna, utforska nya s\u00e4tt och v\u00e5ga t\u00e4nka annorlunda i sina uppgifter. N\u00e4r elevernas tankebanor utmanas och de f\u00e5r m\u00f6ta andra perspektiv v\u00e4cks deras kreativitet och f\u00f6rm\u00e5ga att t\u00e4nka i nya banor. Som l\u00e4rare vill jag f\u00f6reg\u00e5 med gott exempel och tar d\u00e4rf\u00f6r g\u00e4rna in elevernas egna f\u00f6rslag p\u00e5 b\u00e5de inneh\u00e5ll och arbetss\u00e4tt.<\/p>\n\n\n\n<h3 class=\"wp-block-heading\">N\u00e4r k\u00e4nner du som l\u00e4rare att du har lyckats?<\/h3>\n\n\n\n<p>Det som verkligen f\u00e5r mig att k\u00e4nna att jag har lyckats och som st\u00e4rker mig i min profession \u00e4r n\u00e4r jag m\u00e4rker att jag har f\u00e5ngat elevernas intresse. N\u00e4r de kommer in i klassrummet med genuin nyfikenhet och tycker att det ska bli roligt med svenska. N\u00e4r de visar att de har tilltro och f\u00f6rtroende f\u00f6r mig som l\u00e4rare och ledare, och v\u00e5gar delta, st\u00e4lla fr\u00e5gor och pr\u00f6va nya saker. Det \u00e4r d\u00e5 jag vet att jag har skapat en milj\u00f6 d\u00e4r l\u00e4rande verkligen kan ske.<\/p>\n\n\n\n<h3 class=\"wp-block-heading\">Hur ser relationen ut mellan elever och personal p\u00e5 skolan?<\/h3>\n\n\n\n<p>Goda relationer \u00e4r a och o f\u00f6r att l\u00e4rande ska kunna ske, och det tror jag att vi pedagoger \u00e4r v\u00e4l medvetna om. Det \u00e4r inte bara vad l\u00e4raren undervisar som spelar roll, utan hur eleven upplever m\u00f6tet med l\u00e4raren. N\u00e4r relationen pr\u00e4glas av respekt och engagemang skapas en trygghet som g\u00f6r att eleven v\u00e5gar st\u00e4lla fr\u00e5gor, g\u00f6ra misstag och v\u00e4xa. D\u00e4rf\u00f6r anstr\u00e4nger vi oss f\u00f6r att skapa tillitsfulla och goda relationer med v\u00e5ra elever.<\/p>\n\n\n\n\t<style>\n\t\t.inner {\n\n\t\t\tmargin: 0 auto;\n\n\n\t\t}\n\t<\/style>\n\t<div\n\t\t class=\"container images-module\" >\n\t\t<div class=\"row images_module__slideshow\">\n\n\t\t\t<div\n\t\t\t\t\tclass=\"col-md-12 p-0 position-relative images_module__slideshow images_module__slideshow-container  \">\n\t\t\t\t<div class=\"images_module__slide\" data-slide=\"\"\n\t\t\t\t\t data-duration=\"\"><\/div>\n\t\t\t\t\t\t\t\t\t<div\n\t\t\t\t\t\t class=\"images_module__slides\n\n\t\t\t\t\t   \"\n\t\t\t\t\t>\n\n\t\t\t\t\t\t<div class=\"images__wrapper\" style=\"aspect-ratio: 851 \/ 851;\">\n\t\t\t\t\t\t\t<img decoding=\"async\" width=\"1920\" height=\"2560\" src=\"https:\/\/innovitaskolan.se\/wp-content\/uploads\/sites\/20\/2025\/10\/madde-scaled.jpg\" class=\"images__image_ratio  \" alt=\"\" style=\"aspect-ratio: 851 \/ 851;object-position: center center;\" srcset=\"https:\/\/innovitaskolan.se\/wp-content\/uploads\/sites\/20\/2025\/10\/madde-scaled.jpg 1920w, https:\/\/innovitaskolan.se\/wp-content\/uploads\/sites\/20\/2025\/10\/madde-300x400.jpg 300w, https:\/\/innovitaskolan.se\/wp-content\/uploads\/sites\/20\/2025\/10\/madde-400x533.jpg 400w, https:\/\/innovitaskolan.se\/wp-content\/uploads\/sites\/20\/2025\/10\/madde-600x800.jpg 600w, https:\/\/innovitaskolan.se\/wp-content\/uploads\/sites\/20\/2025\/10\/madde-800x1067.jpg 800w, https:\/\/innovitaskolan.se\/wp-content\/uploads\/sites\/20\/2025\/10\/madde-1024x1365.jpg 1024w, https:\/\/innovitaskolan.se\/wp-content\/uploads\/sites\/20\/2025\/10\/madde-1200x1600.jpg 1200w\" sizes=\"(max-width: 1920px) 100vw, 1920px\" \/>\t\t\t\t\t\t<\/div>\n\t\t\t\t\t\t\n\n\t\t\t\t\t\t\t\t\t\t\t<\/div>\n\t\t\t\t\n\t\t\t\t<div class=\"images_module__container_dot\">\n\t\t\t\t\t<div style=\"text-align:center\">\n\n\n\t\t\t\t\t\t\t\t\t\t\t\t\t<span   data-i=\"0\"\n\t\t\t\t\t\t\t\t  class=\"\n\t\t\t\t\t\t\timages_module__dot\n\t\t\t\t\t\t\t\t\t\t\t\t\t\t\"\n\t\t\t\t\t\t\t><\/span>\n\t\t\t\t\t\t\t\t\t\t\t<\/div>\n\t\t\t\t<\/div>\n\n\n\t\t\t<\/div>\n\t\t<\/div>\n\t<\/div>\n\n\t\n\n\n<script>\n\tvar images_display_descriptive_text = \"\";\n<\/script>\n<\/div>\n\n\n\n<div class=\"wp-block-column is-layout-flow wp-block-column-is-layout-flow\" style=\"flex-basis:15%\"><\/div>\n<\/div>\n\n\n\n<section  class=\"ams-cta ams-cta--stacked c-block l-stacked\" data-color-scheme=\"beige\">\n\t<div class=\"l-container-narrow l-stack l-stack-fluid-2xl u-pt-fluid-md-xl u-pb-fluid-md-xl is-center is-center@md\">\n\t\t\t\t\t<div class=\"ams-cta__intro l-stack l-stack-lg\">\n\t\t\t\t\t\n\t<h3\n\tclass=\"c-heading u-font-title-1 \"\n\tstyle=\"\">\n\t\t\n\t\t\t\t\tVill du l\u00e4sa mer om v\u00e5rt pedagogiska koncept?\n\t\t\t\t\n\t<\/h3>\n\n\t\t\t\t\t\t\t<\/div>\n\t\t\n\t\t\n\t\t\t<div class=\"ams-cta__action u-inline-items\">\n\t\t\t\t\t\t\t\n\n\n\n<a href=\"https:\/\/innovitaskolan.se\/nykoping\/pedagogiskt-koncept\/\"\n\t\n\tclass=\"c-btn \"\n\tdata-style=\"round\"\n\tdata-size=\"md\"\n\tdata-width=\"full-mobile\"\n\tdata-variant=\"default\"\n\ttarget=\"_self\">\n\t\t\t<span class=\"label\"> V\u00e5rt pedagogiska koncept<\/span>\n\t\t\t\t\t\t\n\t<\/a>\n\t\t\t<\/div>\n\t<\/div>\n\n\t\t\n\t\t\t\n\t\t\t\t\t\t\t\n\t\t\t\t<div class=\"c-bg c-bg--img\" data-settings=\"{&quot;desktop_settings&quot;:{&quot;size&quot;:&quot;auto&quot;,&quot;position&quot;:&quot;top-left&quot;},&quot;mobile_settings&quot;:{&quot;size&quot;:&quot;auto&quot;,&quot;position&quot;:&quot;top-left&quot;}}\" data-position=\"middle-center\" data-size=\"cover\">\n\t\t\t\n\t\t<\/div>\n\t\t\t\n\t\t\t\t\t\t\t\n\t\t\t\t<div class=\"c-bg c-bg--img\" data-settings=\"{&quot;desktop_settings&quot;:{&quot;size&quot;:&quot;auto&quot;,&quot;position&quot;:&quot;bottom-right&quot;},&quot;mobile_settings&quot;:{&quot;size&quot;:&quot;auto&quot;,&quot;position&quot;:&quot;bottom-right&quot;}}\" data-position=\"middle-center\" data-size=\"cover\">\n\t\t\t\n\t\t<\/div>\n\t\n<\/section>\n","protected":false},"template":"","article_category":[26],"yoast_head":"<!-- This site is optimized with the Yoast SEO plugin v22.0 - https:\/\/yoast.com\/wordpress\/plugins\/seo\/ -->\n<title>L\u00e4r k\u00e4nna v\u00e5ra pedagoger | Innovitaskolan Nyk\u00f6ping<\/title>\n<meta name=\"description\" content=\"L\u00e4r k\u00e4nna v\u00e5ra pedagoger och l\u00e4rare p\u00e5 Innovitaskolan Nyk\u00f6ping! Vad motiverar dem mest och hur uppmuntrar de till nyfikenhet och kreativitet?\" \/>\n<meta name=\"robots\" content=\"index, follow, max-snippet:-1, max-image-preview:large, max-video-preview:-1\" \/>\n<link rel=\"canonical\" href=\"https:\/\/innovitaskolan.se\/nykoping\/artiklar\/pedagoger\/\" \/>\n<meta property=\"og:locale\" content=\"sv_SE\" \/>\n<meta property=\"og:type\" content=\"article\" \/>\n<meta property=\"og:title\" content=\"L\u00e4r k\u00e4nna v\u00e5ra pedagoger | Innovitaskolan Nyk\u00f6ping\" \/>\n<meta property=\"og:description\" content=\"L\u00e4r k\u00e4nna v\u00e5ra pedagoger och l\u00e4rare p\u00e5 Innovitaskolan Nyk\u00f6ping! Vad motiverar dem mest och hur uppmuntrar de till nyfikenhet och kreativitet?\" \/>\n<meta property=\"og:url\" content=\"https:\/\/innovitaskolan.se\/nykoping\/artiklar\/pedagoger\/\" \/>\n<meta property=\"og:site_name\" content=\"Nyk\u00f6ping\" \/>\n<meta property=\"article:modified_time\" content=\"2025-11-27T14:12:47+00:00\" \/>\n<meta name=\"twitter:card\" content=\"summary_large_image\" \/>\n<meta name=\"twitter:title\" content=\"L\u00e4r k\u00e4nna v\u00e5ra pedagoger | Innovitaskolan Nyk\u00f6ping\" \/>\n<meta name=\"twitter:description\" content=\"L\u00e4r k\u00e4nna v\u00e5ra pedagoger och l\u00e4rare p\u00e5 Innovitaskolan Nyk\u00f6ping! Vad motiverar dem mest och hur uppmuntrar de till nyfikenhet och kreativitet?\" \/>\n<meta name=\"twitter:image\" content=\"https:\/\/innovitaskolan.se\/wp-content\/uploads\/sites\/20\/2025\/10\/20251007102407-1200x630.jpg\" \/>\n<meta name=\"twitter:label1\" content=\"Ber\u00e4knad l\u00e4stid\" \/>\n\t<meta name=\"twitter:data1\" content=\"5 minuter\" \/>\n<script type=\"application\/ld+json\" class=\"yoast-schema-graph\">{\"@context\":\"https:\/\/schema.org\",\"@graph\":[{\"@type\":\"WebPage\",\"@id\":\"https:\/\/innovitaskolan.se\/nykoping\/artiklar\/pedagoger\/\",\"url\":\"https:\/\/innovitaskolan.se\/nykoping\/artiklar\/pedagoger\/\",\"name\":\"L\u00e4r k\u00e4nna v\u00e5ra pedagoger | Innovitaskolan Nyk\u00f6ping\",\"isPartOf\":{\"@id\":\"https:\/\/innovitaskolan.se\/nykoping\/#website\"},\"datePublished\":\"2025-11-27T14:12:46+00:00\",\"dateModified\":\"2025-11-27T14:12:47+00:00\",\"description\":\"L\u00e4r k\u00e4nna v\u00e5ra pedagoger och l\u00e4rare p\u00e5 Innovitaskolan Nyk\u00f6ping! Vad motiverar dem mest och hur uppmuntrar de till nyfikenhet och kreativitet?\",\"breadcrumb\":{\"@id\":\"https:\/\/innovitaskolan.se\/nykoping\/artiklar\/pedagoger\/#breadcrumb\"},\"inLanguage\":\"sv-SE\",\"potentialAction\":[{\"@type\":\"ReadAction\",\"target\":[\"https:\/\/innovitaskolan.se\/nykoping\/artiklar\/pedagoger\/\"]}]},{\"@type\":\"BreadcrumbList\",\"@id\":\"https:\/\/innovitaskolan.se\/nykoping\/artiklar\/pedagoger\/#breadcrumb\",\"itemListElement\":[{\"@type\":\"ListItem\",\"position\":1,\"name\":\"Start\",\"item\":\"https:\/\/innovitaskolan.se\/nykoping\"},{\"@type\":\"ListItem\",\"position\":2,\"name\":\"Artiklar\"}]},{\"@type\":\"WebSite\",\"@id\":\"https:\/\/innovitaskolan.se\/nykoping\/#website\",\"url\":\"https:\/\/innovitaskolan.se\/nykoping\/\",\"name\":\"Nyk\u00f6ping\",\"description\":\"En del av AcadeMedia\",\"potentialAction\":[{\"@type\":\"SearchAction\",\"target\":{\"@type\":\"EntryPoint\",\"urlTemplate\":\"https:\/\/innovitaskolan.se\/nykoping\/?s={search_term_string}\"},\"query-input\":\"required name=search_term_string\"}],\"inLanguage\":\"sv-SE\"}]}<\/script>\n<!-- \/ Yoast SEO plugin. -->","yoast_head_json":{"title":"L\u00e4r k\u00e4nna v\u00e5ra pedagoger | Innovitaskolan Nyk\u00f6ping","description":"L\u00e4r k\u00e4nna v\u00e5ra pedagoger och l\u00e4rare p\u00e5 Innovitaskolan Nyk\u00f6ping! Vad motiverar dem mest och hur uppmuntrar de till nyfikenhet och kreativitet?","robots":{"index":"index","follow":"follow","max-snippet":"max-snippet:-1","max-image-preview":"max-image-preview:large","max-video-preview":"max-video-preview:-1"},"canonical":"https:\/\/innovitaskolan.se\/nykoping\/artiklar\/pedagoger\/","og_locale":"sv_SE","og_type":"article","og_title":"L\u00e4r k\u00e4nna v\u00e5ra pedagoger | Innovitaskolan Nyk\u00f6ping","og_description":"L\u00e4r k\u00e4nna v\u00e5ra pedagoger och l\u00e4rare p\u00e5 Innovitaskolan Nyk\u00f6ping! Vad motiverar dem mest och hur uppmuntrar de till nyfikenhet och kreativitet?","og_url":"https:\/\/innovitaskolan.se\/nykoping\/artiklar\/pedagoger\/","og_site_name":"Nyk\u00f6ping","article_modified_time":"2025-11-27T14:12:47+00:00","twitter_card":"summary_large_image","twitter_title":"L\u00e4r k\u00e4nna v\u00e5ra pedagoger | Innovitaskolan Nyk\u00f6ping","twitter_description":"L\u00e4r k\u00e4nna v\u00e5ra pedagoger och l\u00e4rare p\u00e5 Innovitaskolan Nyk\u00f6ping! Vad motiverar dem mest och hur uppmuntrar de till nyfikenhet och kreativitet?","twitter_image":"https:\/\/innovitaskolan.se\/wp-content\/uploads\/sites\/20\/2025\/10\/20251007102407-1200x630.jpg","twitter_misc":{"Ber\u00e4knad l\u00e4stid":"5 minuter"},"schema":{"@context":"https:\/\/schema.org","@graph":[{"@type":"WebPage","@id":"https:\/\/innovitaskolan.se\/nykoping\/artiklar\/pedagoger\/","url":"https:\/\/innovitaskolan.se\/nykoping\/artiklar\/pedagoger\/","name":"L\u00e4r k\u00e4nna v\u00e5ra pedagoger | Innovitaskolan Nyk\u00f6ping","isPartOf":{"@id":"https:\/\/innovitaskolan.se\/nykoping\/#website"},"datePublished":"2025-11-27T14:12:46+00:00","dateModified":"2025-11-27T14:12:47+00:00","description":"L\u00e4r k\u00e4nna v\u00e5ra pedagoger och l\u00e4rare p\u00e5 Innovitaskolan Nyk\u00f6ping! Vad motiverar dem mest och hur uppmuntrar de till nyfikenhet och kreativitet?","breadcrumb":{"@id":"https:\/\/innovitaskolan.se\/nykoping\/artiklar\/pedagoger\/#breadcrumb"},"inLanguage":"sv-SE","potentialAction":[{"@type":"ReadAction","target":["https:\/\/innovitaskolan.se\/nykoping\/artiklar\/pedagoger\/"]}]},{"@type":"BreadcrumbList","@id":"https:\/\/innovitaskolan.se\/nykoping\/artiklar\/pedagoger\/#breadcrumb","itemListElement":[{"@type":"ListItem","position":1,"name":"Start","item":"https:\/\/innovitaskolan.se\/nykoping"},{"@type":"ListItem","position":2,"name":"Artiklar"}]},{"@type":"WebSite","@id":"https:\/\/innovitaskolan.se\/nykoping\/#website","url":"https:\/\/innovitaskolan.se\/nykoping\/","name":"Nyk\u00f6ping","description":"En del av AcadeMedia","potentialAction":[{"@type":"SearchAction","target":{"@type":"EntryPoint","urlTemplate":"https:\/\/innovitaskolan.se\/nykoping\/?s={search_term_string}"},"query-input":"required name=search_term_string"}],"inLanguage":"sv-SE"}]}},"_links":{"self":[{"href":"https:\/\/innovitaskolan.se\/nykoping\/wp-json\/wp\/v2\/article\/2002"}],"collection":[{"href":"https:\/\/innovitaskolan.se\/nykoping\/wp-json\/wp\/v2\/article"}],"about":[{"href":"https:\/\/innovitaskolan.se\/nykoping\/wp-json\/wp\/v2\/types\/article"}],"wp:attachment":[{"href":"https:\/\/innovitaskolan.se\/nykoping\/wp-json\/wp\/v2\/media?parent=2002"}],"wp:term":[{"taxonomy":"article_category","embeddable":true,"href":"https:\/\/innovitaskolan.se\/nykoping\/wp-json\/wp\/v2\/article_category?post=2002"}],"curies":[{"name":"wp","href":"https:\/\/api.w.org\/{rel}","templated":true}]}}