{"id":1529,"date":"2022-04-21T10:42:35","date_gmt":"2022-04-21T08:42:35","guid":{"rendered":"https:\/\/innovitaskolan.se\/myrangen\/?post_type=article&#038;p=1529"},"modified":"2024-02-27T10:38:58","modified_gmt":"2024-02-27T09:38:58","slug":"1529","status":"publish","type":"article","link":"https:\/\/innovitaskolan.se\/myrangen\/artiklar\/1529\/","title":{"rendered":"Skolplatser till barn fr\u00e5n Ukraina"},"content":{"rendered":"\n<p><\/p>\n\n\n\n<p><\/p>\n\n\n\n<p><\/p>\n\n\n\n<h1 class=\"wp-block-heading\">Skolplatser till barn fr\u00e5n Ukraina<\/h1>\n\n\n\n<p>EU:s massflyktsdirektiv inneb\u00e4r att ukrainska medborgare som har l\u00e4mnat landet efter den ryska invasionen kan f\u00e5 ett tidsbegr\u00e4nsat uppeh\u00e5llstillst\u00e5nd i Sverige. Dessa personer har bland annat r\u00e4tt till skolg\u00e5ng f\u00f6r sina barn. V\u00e5r skola har f\u00e5tt f\u00f6rfr\u00e5gan om att ta emot skolbarn fr\u00e5n Ukraina. Skolan representerar en trygghet och ett sammanhang, d\u00e4rf\u00f6r vill vi g\u00f6ra v\u00e5rt yttersta f\u00f6r att erbjuda dessa barn plats p\u00e5 v\u00e5r skola.<\/p>\n\n\n\n<p>&nbsp;<br>Mottagandet av barn fr\u00e5n Ukraina kan p\u00e5verka k\u00f6platsen f\u00f6r de barn som sedan tidigare st\u00e5r i k\u00f6 till v\u00e5r skola. Det g\u00e5r bra att kontakta v\u00e5r administrat\u00f6r Anna-Carin S\u00f6derstr\u00f6m vid fr\u00e5gor om aktuell k\u00f6plats f\u00f6r ditt barn. <\/p>\n\n\n\n<p><\/p>\n\n\n\n<p>Hennes mailadress \u00e4r:&nbsp;<\/p>\n\n\n\n<p><a href=\"mailto:anna-carin.soderstrom@innovitaskolan.se\" target=\"_blank\" rel=\"noreferrer noopener\">anna-carin.soderstrom@innovitaskolan.se<\/a><\/p>\n","protected":false},"template":"","article_category":[],"yoast_head":"<!-- This site is optimized with the Yoast SEO plugin v22.0 - https:\/\/yoast.com\/wordpress\/plugins\/seo\/ -->\n<title>Myr\u00e4ngen<\/title>\n<meta name=\"description\" content=\"EU:s massflyktsdirektiv inneb\u00e4r att ukrainska barn kommer erbjudas skolplatser under tiden de har uppeh\u00e5llstillst\u00e5nd.\" \/>\n<meta name=\"robots\" content=\"index, follow, max-snippet:-1, max-image-preview:large, max-video-preview:-1\" \/>\n<link rel=\"canonical\" href=\"https:\/\/innovitaskolan.se\/myrangen\/artiklar\/1529\/\" \/>\n<meta property=\"og:locale\" content=\"sv_SE\" \/>\n<meta property=\"og:type\" content=\"article\" \/>\n<meta property=\"og:description\" content=\"EU:s massflyktsdirektiv inneb\u00e4r att ukrainska barn kommer erbjudas skolplatser under tiden de har uppeh\u00e5llstillst\u00e5nd.\" \/>\n<meta property=\"og:url\" content=\"https:\/\/innovitaskolan.se\/myrangen\/artiklar\/1529\/\" \/>\n<meta property=\"og:site_name\" content=\"Myr\u00e4ngen\" \/>\n<meta property=\"article:modified_time\" content=\"2024-02-27T09:38:58+00:00\" \/>\n<meta name=\"twitter:card\" content=\"summary_large_image\" \/>\n<meta name=\"twitter:description\" content=\"EU:s massflyktsdirektiv inneb\u00e4r att ukrainska barn kommer erbjudas skolplatser under tiden de har uppeh\u00e5llstillst\u00e5nd.\" \/>\n<meta name=\"twitter:label1\" content=\"Ber\u00e4knad l\u00e4stid\" \/>\n\t<meta name=\"twitter:data1\" content=\"1 minut\" \/>\n<script type=\"application\/ld+json\" class=\"yoast-schema-graph\">{\"@context\":\"https:\/\/schema.org\",\"@graph\":[{\"@type\":\"WebPage\",\"@id\":\"https:\/\/innovitaskolan.se\/myrangen\/artiklar\/1529\/\",\"url\":\"https:\/\/innovitaskolan.se\/myrangen\/artiklar\/1529\/\",\"name\":\"Skolplatser till barn fr\u00e5n Ukraina - Myr\u00e4ngen\",\"isPartOf\":{\"@id\":\"https:\/\/innovitaskolan.se\/myrangen\/#website\"},\"datePublished\":\"2022-04-21T08:42:35+00:00\",\"dateModified\":\"2024-02-27T09:38:58+00:00\",\"description\":\"EU:s massflyktsdirektiv inneb\u00e4r att ukrainska barn kommer erbjudas skolplatser under tiden de har uppeh\u00e5llstillst\u00e5nd.\",\"breadcrumb\":{\"@id\":\"https:\/\/innovitaskolan.se\/myrangen\/artiklar\/1529\/#breadcrumb\"},\"inLanguage\":\"sv-SE\",\"potentialAction\":[{\"@type\":\"ReadAction\",\"target\":[\"https:\/\/innovitaskolan.se\/myrangen\/artiklar\/1529\/\"]}]},{\"@type\":\"BreadcrumbList\",\"@id\":\"https:\/\/innovitaskolan.se\/myrangen\/artiklar\/1529\/#breadcrumb\",\"itemListElement\":[{\"@type\":\"ListItem\",\"position\":1,\"name\":\"Start\",\"item\":\"https:\/\/innovitaskolan.se\/myrangen\"},{\"@type\":\"ListItem\",\"position\":2,\"name\":\"Artiklar\",\"item\":\"https:\/\/innovitaskolan.se\/myrangen\/artiklar\/\"},{\"@type\":\"ListItem\",\"position\":3,\"name\":\"Skolplatser till barn fr\u00e5n Ukraina\"}]},{\"@type\":\"WebSite\",\"@id\":\"https:\/\/innovitaskolan.se\/myrangen\/#website\",\"url\":\"https:\/\/innovitaskolan.se\/myrangen\/\",\"name\":\"Myr\u00e4ngen\",\"description\":\"En del av AcadeMedia\",\"potentialAction\":[{\"@type\":\"SearchAction\",\"target\":{\"@type\":\"EntryPoint\",\"urlTemplate\":\"https:\/\/innovitaskolan.se\/myrangen\/?s={search_term_string}\"},\"query-input\":\"required name=search_term_string\"}],\"inLanguage\":\"sv-SE\"}]}<\/script>\n<!-- \/ Yoast SEO plugin. -->","yoast_head_json":{"title":"Myr\u00e4ngen","description":"EU:s massflyktsdirektiv inneb\u00e4r att ukrainska barn kommer erbjudas skolplatser under tiden de har uppeh\u00e5llstillst\u00e5nd.","robots":{"index":"index","follow":"follow","max-snippet":"max-snippet:-1","max-image-preview":"max-image-preview:large","max-video-preview":"max-video-preview:-1"},"canonical":"https:\/\/innovitaskolan.se\/myrangen\/artiklar\/1529\/","og_locale":"sv_SE","og_type":"article","og_description":"EU:s massflyktsdirektiv inneb\u00e4r att ukrainska barn kommer erbjudas skolplatser under tiden de har uppeh\u00e5llstillst\u00e5nd.","og_url":"https:\/\/innovitaskolan.se\/myrangen\/artiklar\/1529\/","og_site_name":"Myr\u00e4ngen","article_modified_time":"2024-02-27T09:38:58+00:00","twitter_card":"summary_large_image","twitter_description":"EU:s massflyktsdirektiv inneb\u00e4r att ukrainska barn kommer erbjudas skolplatser under tiden de har uppeh\u00e5llstillst\u00e5nd.","twitter_misc":{"Ber\u00e4knad l\u00e4stid":"1 minut"},"schema":{"@context":"https:\/\/schema.org","@graph":[{"@type":"WebPage","@id":"https:\/\/innovitaskolan.se\/myrangen\/artiklar\/1529\/","url":"https:\/\/innovitaskolan.se\/myrangen\/artiklar\/1529\/","name":"Skolplatser till barn fr\u00e5n Ukraina - Myr\u00e4ngen","isPartOf":{"@id":"https:\/\/innovitaskolan.se\/myrangen\/#website"},"datePublished":"2022-04-21T08:42:35+00:00","dateModified":"2024-02-27T09:38:58+00:00","description":"EU:s massflyktsdirektiv inneb\u00e4r att ukrainska barn kommer erbjudas skolplatser under tiden de har uppeh\u00e5llstillst\u00e5nd.","breadcrumb":{"@id":"https:\/\/innovitaskolan.se\/myrangen\/artiklar\/1529\/#breadcrumb"},"inLanguage":"sv-SE","potentialAction":[{"@type":"ReadAction","target":["https:\/\/innovitaskolan.se\/myrangen\/artiklar\/1529\/"]}]},{"@type":"BreadcrumbList","@id":"https:\/\/innovitaskolan.se\/myrangen\/artiklar\/1529\/#breadcrumb","itemListElement":[{"@type":"ListItem","position":1,"name":"Start","item":"https:\/\/innovitaskolan.se\/myrangen"},{"@type":"ListItem","position":2,"name":"Artiklar","item":"https:\/\/innovitaskolan.se\/myrangen\/artiklar\/"},{"@type":"ListItem","position":3,"name":"Skolplatser till barn fr\u00e5n Ukraina"}]},{"@type":"WebSite","@id":"https:\/\/innovitaskolan.se\/myrangen\/#website","url":"https:\/\/innovitaskolan.se\/myrangen\/","name":"Myr\u00e4ngen","description":"En del av AcadeMedia","potentialAction":[{"@type":"SearchAction","target":{"@type":"EntryPoint","urlTemplate":"https:\/\/innovitaskolan.se\/myrangen\/?s={search_term_string}"},"query-input":"required name=search_term_string"}],"inLanguage":"sv-SE"}]}},"_links":{"self":[{"href":"https:\/\/innovitaskolan.se\/myrangen\/wp-json\/wp\/v2\/article\/1529"}],"collection":[{"href":"https:\/\/innovitaskolan.se\/myrangen\/wp-json\/wp\/v2\/article"}],"about":[{"href":"https:\/\/innovitaskolan.se\/myrangen\/wp-json\/wp\/v2\/types\/article"}],"wp:attachment":[{"href":"https:\/\/innovitaskolan.se\/myrangen\/wp-json\/wp\/v2\/media?parent=1529"}],"wp:term":[{"taxonomy":"article_category","embeddable":true,"href":"https:\/\/innovitaskolan.se\/myrangen\/wp-json\/wp\/v2\/article_category?post=1529"}],"curies":[{"name":"wp","href":"https:\/\/api.w.org\/{rel}","templated":true}]}}