{"id":2018,"date":"2025-11-27T15:06:01","date_gmt":"2025-11-27T14:06:01","guid":{"rendered":"https:\/\/innovitaskolan.se\/molndal\/?post_type=article&#038;p=2018"},"modified":"2025-11-27T15:06:02","modified_gmt":"2025-11-27T14:06:02","slug":"pedagoger","status":"publish","type":"article","link":"https:\/\/innovitaskolan.se\/molndal\/artiklar\/pedagoger\/","title":{"rendered":"Pedagoger"},"content":{"rendered":"\n<div class=\"wp-block-columns is-layout-flex wp-container-core-columns-layout-1 wp-block-columns-is-layout-flex\">\n<div class=\"wp-block-column is-layout-flow wp-block-column-is-layout-flow\" style=\"flex-basis:15%\"><\/div>\n\n\n\n<div class=\"wp-block-column is-layout-flow wp-block-column-is-layout-flow\" style=\"flex-basis:70%\">\n<h1 class=\"wp-block-heading\">S\u00e4g hej till n\u00e5gra av v\u00e5ra pedagoger<\/h1>\n\n\n\n<p   class=\"site__ingress container text-left  site__text-color--dark  site__free_text--ingress p-0\">\n\tL\u00e4r k\u00e4nna v\u00e5ra pedagoger och l\u00e4rare lite b\u00e4ttre! Vad motiverar dem mest och hur uppmuntrar de till nyfikenhet och kreativitet?<\/p>\n\n\n\n\n\n<h2 class=\"wp-block-heading\"><em>Valbone<\/em> \u2013 Pedagog p\u00e5 f\u00f6rskolan<\/h2>\n\n\n\n<h3 class=\"wp-block-heading\">Vad tycker du \u00e4r det roligaste med att g\u00e5 till jobbet?<\/h3>\n\n\n\n<p>Det roligaste \u00e4r att f\u00e5 m\u00f6ta barnens gl\u00e4dje och nyfikenhet varje dag. Inget arbetspass \u00e4r det andra likt \u2013 barnens fantasi, fr\u00e5gor och uppt\u00e4ckter g\u00f6r att varje dag blir unik och l\u00e4rorik \u00e4ven f\u00f6r mig. Jag uppskattar ocks\u00e5 att arbeta i en verksamhet som grundar sig p\u00e5 f\u00f6rskolans l\u00e4roplan, d\u00e4r vi som pedagoger skapar f\u00f6ruts\u00e4ttningar f\u00f6r barnen att utvecklas inom m\u00e5nga olika omr\u00e5den. Att f\u00e5 bidra till denna helhet, d\u00e4r omsorg, l\u00e4rande och lek v\u00e4vs samman, g\u00f6r mitt arbete b\u00e5de roligt och meningsfullt.<\/p>\n\n\n\n<h3 class=\"wp-block-heading\">Vad \u00e4r du extra stolt \u00f6ver p\u00e5 er f\u00f6rskola?<\/h3>\n\n\n\n<p>Jag \u00e4r v\u00e4ldigt stolt \u00f6ver den varma och trygga milj\u00f6n vi har skapat tillsammans. Vi har en kultur d\u00e4r alla barn f\u00e5r k\u00e4nna att de blir sedda och bekr\u00e4ftade, och d\u00e4r vi tar tillvara p\u00e5 deras olikheter och styrkor. Jag \u00e4r ocks\u00e5 stolt \u00f6ver hur vi pedagoger samarbetar \u2013 vi lyfter varandra och skapar en milj\u00f6 som barnen m\u00e5r bra i. <\/p>\n\n\n\n<p>Vi str\u00e4var varje dag efter att ge barnen f\u00f6ruts\u00e4ttningar att utveckla sina sociala och kommunikativa f\u00f6rm\u00e5gor, sitt spr\u00e5k, sin kreativitet och sin f\u00f6rst\u00e5else f\u00f6r demokratiska v\u00e4rden.<\/p>\n\n\n\n<h3 class=\"wp-block-heading\">Hur besvarar och uppmuntrar du barnens nyfikenhet?<\/h3>\n\n\n\n<p>Jag f\u00f6rs\u00f6ker alltid ta barnens fr\u00e5gor p\u00e5 allvar och ge utrymme f\u00f6r deras tankar. Vi anv\u00e4nder olika material, b\u00f6cker, natur\u00e4ventyr och digitala verktyg som st\u00f6d i l\u00e4rprocessen. P\u00e5 s\u00e5 s\u00e4tt f\u00e5r barnen k\u00e4nna att deras nyfikenhet leder till verkligt l\u00e4rande och uppt\u00e4ckargl\u00e4dje.<\/p>\n\n\n\n<h3 class=\"wp-block-heading\">Hur arbetar du med att bygga goda relationer med barnens v\u00e5rdnadshavare?<\/h3>\n\n\n\n<p>F\u00f6r mig \u00e4r en \u00f6ppen och respektfull kommunikation viktig. Jag tar mig tid f\u00f6r dagliga sm\u00e5 samtal vid l\u00e4mning och h\u00e4mtning, och jag ser till att lyfta fram positiva h\u00e4ndelser om barnet. Vi arbetar ocks\u00e5 med dokumentation p\u00e5 Tyra som g\u00f6r det m\u00f6jligt f\u00f6r v\u00e5rdnadshavare att f\u00f6lja barnens utveckling och olika teman. Genom att visa engagemang och lyh\u00f6rdhet skapar jag tillit och ett gott samarbete med v\u00e5rdnadshavarna.<\/p>\n\n\n\n\t<style>\n\t\t.inner {\n\n\t\t\tmargin: 0 auto;\n\n\n\t\t}\n\t<\/style>\n\t<div\n\t\t class=\"container images-module\" >\n\t\t<div class=\"row images_module__slideshow\">\n\n\t\t\t<div\n\t\t\t\t\tclass=\"col-md-12 p-0 position-relative images_module__slideshow images_module__slideshow-container  \">\n\t\t\t\t<div class=\"images_module__slide\" data-slide=\"\"\n\t\t\t\t\t data-duration=\"\"><\/div>\n\t\t\t\t\t\t\t\t\t<div\n\t\t\t\t\t\t class=\"images_module__slides\n\n\t\t\t\t\t   \"\n\t\t\t\t\t>\n\n\t\t\t\t\t\t<div class=\"images__wrapper\" style=\"aspect-ratio: 851 \/ 851;\">\n\t\t\t\t\t\t\t<img decoding=\"async\" width=\"2201\" height=\"2560\" src=\"https:\/\/innovitaskolan.se\/wp-content\/uploads\/sites\/18\/2025\/10\/v-20251005-2-scaled.jpeg\" class=\"images__image_ratio  \" alt=\"Portr\u00e4ttbild\" style=\"aspect-ratio: 851 \/ 851;object-position: center center;\" srcset=\"https:\/\/innovitaskolan.se\/wp-content\/uploads\/sites\/18\/2025\/10\/v-20251005-2-scaled.jpeg 2201w, https:\/\/innovitaskolan.se\/wp-content\/uploads\/sites\/18\/2025\/10\/v-20251005-2-300x349.jpeg 300w, https:\/\/innovitaskolan.se\/wp-content\/uploads\/sites\/18\/2025\/10\/v-20251005-2-400x465.jpeg 400w, https:\/\/innovitaskolan.se\/wp-content\/uploads\/sites\/18\/2025\/10\/v-20251005-2-600x698.jpeg 600w, https:\/\/innovitaskolan.se\/wp-content\/uploads\/sites\/18\/2025\/10\/v-20251005-2-800x930.jpeg 800w, https:\/\/innovitaskolan.se\/wp-content\/uploads\/sites\/18\/2025\/10\/v-20251005-2-1024x1191.jpeg 1024w, https:\/\/innovitaskolan.se\/wp-content\/uploads\/sites\/18\/2025\/10\/v-20251005-2-1200x1396.jpeg 1200w\" sizes=\"(max-width: 2201px) 100vw, 2201px\" \/>\t\t\t\t\t\t<\/div>\n\t\t\t\t\t\t\n\n\t\t\t\t\t\t\n\n\t\t\t\t\t\t\t<div\n\t\t\t\t\t\t\t\t class=\"\">\n\t\t\t\t\t\t\t\t<div\n\t\t\t\t\t\t\t\t\t class=\"\n\t\t\t\t\t\t\t\t\t images_module__descriptive_text_free\t\t\t\t\t\t\t\t\t\t\t\t\t\t\t\t\t\t\t\">\n\n\n\t\t\t\t\t\t\t\t\t\n\t\t\t\t\t\t\t\t\t<div\n\t\t\t\t\t\t\t\t\t\t class=\"images_module__descriptive_text_outer \">\n\t\t\t\t\t\t\t\t\t\t<div\n\t\t\t\t\t\t\t\t\t\t\t class=\"images_module__full_descriptive_text_inner-wrap\n\t\t\t\t\t\t\t\t\t\t\t\t\t\t\">\n\n\t\t\t\t\t\t\t\t\t\t\t\t\t\t\t\t\t\t\t\t\t\t<div class=\"images_module__descriptive_text_inner\">\n\t\t\t\t\t\t\t\t\t\t\t\t<div\n\t\t\t\t\t\t\t\t\t\t\t\t\t class=\"images_module__descriptive_text_fitt_text site__body_text-5\">\n\t\t\t\t\t\t\t\t\t\t\t\t\t<i> <\/i>\n\t\t\t\t\t\t\t\t\t\t\t\t<\/div>\n\t\t\t\t\t\t\t\t\t\t\t<\/div>\n\t\t\t\t\t\t\t\t\t\t\t\n\t\t\t\t\t\t\t\t\t\t\t\t\t\t\t\t\t\t\t\t\t\t<div class=\"images_module__descriptive_text_navigation d-none d-md-block ml-3 \">\n\t\t\t\t\t\t\t\t\t\t\t\t\t\t\t\t\t\t\t\t\t\t\t<\/div>\n\t\t\t\t\t\t\t\t\t\t\t\t\t\t\t\t\t\t\t\t\t<\/div>\n\t\t\t\t\t\t\t\t\t<\/div>\n\t\t\t\t\t\t\t\t\t\n\t\t\t\t\t\t\t\t<\/div>\n\n\t\t\t\t\t\t\t<\/div>\n\n\t\t\t\t\t\t\t\t\t\t\t<\/div>\n\t\t\t\t\n\t\t\t\t<div class=\"images_module__container_dot\">\n\t\t\t\t\t<div style=\"text-align:center\">\n\n\n\t\t\t\t\t\t\t\t\t\t\t\t\t<span   data-i=\"0\"\n\t\t\t\t\t\t\t\t  class=\"\n\t\t\t\t\t\t\timages_module__dot\n\t\t\t\t\t\t\t\t\t\t\t\t\t\t\"\n\t\t\t\t\t\t\t><\/span>\n\t\t\t\t\t\t\t\t\t\t\t<\/div>\n\t\t\t\t<\/div>\n\n\n\t\t\t<\/div>\n\t\t<\/div>\n\t<\/div>\n\n\t\n\n\n<script>\n\tvar images_display_descriptive_text = \"1\";\n<\/script>\n\n\n\n<h2 class=\"wp-block-heading\"><em>Helen \u2013 <\/em>L\u00e4rare p\u00e5 h\u00f6gstadiet, SO<\/h2>\n\n\n\n<h3 class=\"wp-block-heading\">Hur jobbar du med att v\u00e4cka nyfikenhet hos eleverna n\u00e4r du undervisar?<\/h3>\n\n\n\n<p>Eleverna blir ofta mest engagerade n\u00e4r uppgifterna k\u00e4nns n\u00e4ra dem och \u00e4r meningsfulla, n\u00e4r de f\u00e5r arbeta med n\u00e5got som kopplas till deras vardag eller verkliga samh\u00e4llsfr\u00e5gor. Sen m\u00e4rker jag att d\u00e5 de f\u00e5r skapa n\u00e5got eget som exempelvis filmer, poddar, planscher, och teater\/rollspel s\u00e5 v\u00e4cker det ett st\u00f6rre intresse.<\/p>\n\n\n\n<h3 class=\"wp-block-heading\">Kan du ber\u00e4tta om en extra minnesv\u00e4rd stund p\u00e5 en lektion eller p\u00e5 skolan?<\/h3>\n\n\n\n<p>Det finns m\u00e5nga fina stunder fr\u00e5n m\u00f6ten med elever under lektionstid. Jag minns en g\u00e5ng n\u00e4r jag skulle rita upp och f\u00f6rklara en historisk h\u00e4ndelse p\u00e5 tavlan, men teckningen blev helt tokig utan att jag s\u00e5g det sj\u00e4lv. N\u00e5gon elev fnissade till i klassen och n\u00e4r jag backade n\u00e5gra steg ins\u00e5g jag hur teckningen s\u00e5g ut. Vi skrattade alla gott \u00e5t det hela, s\u00e5 t\u00e5rarna till och med kom. <br><br>Andra minnesv\u00e4rda stunder \u00e4r alla fina h\u00f6gtider vi gjort med eleverna s\u00e5 som luciat\u00e5g, jul och sommaravslutningar s\u00e5 klart. D\u00e5 upplever jag att det \u00e4r ett lugn i skolan men samtidigt ett pirr i magen hos alla elever.<\/p>\n\n\n\n<h3 class=\"wp-block-heading\">Finns det n\u00e5gon bok, film, podd eller serie som inspirerar dig i ditt yrke?<\/h3>\n\n\n\n<p>Absolut finns det detta! D\u00e5 jag \u00e4r so-l\u00e4rare s\u00e5 \u00e4lskar jag att gotta ned mig i b\u00f6cker som lyfter olika historiska tidsepoker. Det \u00e4r inte om krig och m\u00f6rker jag \u00f6nskar l\u00e4sa utan mer om personhistoria med fokus p\u00e5 realism, livs\u00f6den och stora sociala skildringar. Det \u00e4r detta som inspirerar mig som exempelvis &#8221;Mina dr\u00f6mmar stad&#8221;<em> <\/em>av Per Albin Fogelstr\u00f6m som skildrar ett 1800-tals Stockholm.<\/p>\n\n\n\n<h3 class=\"wp-block-heading\">Hur arbetar du med att bygga goda relationer p\u00e5 skolan?<\/h3>\n\n\n\n<p>En bra relation bygger p\u00e5 respekt och tillit tycker jag. Att vi bygger broar med eleverna \u00e4r avg\u00f6rande m\u00e5nga g\u00e5nger p\u00e5 hur det g\u00e5r i \u00e4mnet.<br>Vi \u00e4r en liten skola och alla elever blir sedda h\u00e4r. Jag tycker att vi har en fin gemenskap och kan m\u00f6tas i b\u00e5de allvar och humor.<\/p>\n\n\n\n\t<style>\n\t\t.inner {\n\n\t\t\tmargin: 0 auto;\n\n\n\t\t}\n\t<\/style>\n\t<div\n\t\t class=\"container images-module\" >\n\t\t<div class=\"row images_module__slideshow\">\n\n\t\t\t<div\n\t\t\t\t\tclass=\"col-md-12 p-0 position-relative images_module__slideshow images_module__slideshow-container  \">\n\t\t\t\t<div class=\"images_module__slide\" data-slide=\"\"\n\t\t\t\t\t data-duration=\"\"><\/div>\n\t\t\t\t\t\t\t\t\t<div\n\t\t\t\t\t\t class=\"images_module__slides\n\n\t\t\t\t\t   \"\n\t\t\t\t\t>\n\n\t\t\t\t\t\t<div class=\"images__wrapper\" style=\"aspect-ratio: 851 \/ 851;\">\n\t\t\t\t\t\t\t<img decoding=\"async\" width=\"1920\" height=\"2560\" src=\"https:\/\/innovitaskolan.se\/wp-content\/uploads\/sites\/18\/2025\/10\/helen-olsson-scaled.jpg\" class=\"images__image_ratio  \" alt=\"Portr\u00e4ttbils Helen Olsson\" style=\"aspect-ratio: 851 \/ 851;object-position: center center;\" srcset=\"https:\/\/innovitaskolan.se\/wp-content\/uploads\/sites\/18\/2025\/10\/helen-olsson-scaled.jpg 1920w, https:\/\/innovitaskolan.se\/wp-content\/uploads\/sites\/18\/2025\/10\/helen-olsson-300x400.jpg 300w, https:\/\/innovitaskolan.se\/wp-content\/uploads\/sites\/18\/2025\/10\/helen-olsson-400x533.jpg 400w, https:\/\/innovitaskolan.se\/wp-content\/uploads\/sites\/18\/2025\/10\/helen-olsson-600x800.jpg 600w, https:\/\/innovitaskolan.se\/wp-content\/uploads\/sites\/18\/2025\/10\/helen-olsson-800x1067.jpg 800w, https:\/\/innovitaskolan.se\/wp-content\/uploads\/sites\/18\/2025\/10\/helen-olsson-1024x1365.jpg 1024w, https:\/\/innovitaskolan.se\/wp-content\/uploads\/sites\/18\/2025\/10\/helen-olsson-1200x1600.jpg 1200w\" sizes=\"(max-width: 1920px) 100vw, 1920px\" \/>\t\t\t\t\t\t<\/div>\n\t\t\t\t\t\t\n\n\t\t\t\t\t\t\t\t\t\t\t<\/div>\n\t\t\t\t\n\t\t\t\t<div class=\"images_module__container_dot\">\n\t\t\t\t\t<div style=\"text-align:center\">\n\n\n\t\t\t\t\t\t\t\t\t\t\t\t\t<span   data-i=\"0\"\n\t\t\t\t\t\t\t\t  class=\"\n\t\t\t\t\t\t\timages_module__dot\n\t\t\t\t\t\t\t\t\t\t\t\t\t\t\"\n\t\t\t\t\t\t\t><\/span>\n\t\t\t\t\t\t\t\t\t\t\t<\/div>\n\t\t\t\t<\/div>\n\n\n\t\t\t<\/div>\n\t\t<\/div>\n\t<\/div>\n\n\t\n\n\n<script>\n\tvar images_display_descriptive_text = \"\";\n<\/script>\n\n\n\n<h2 class=\"wp-block-heading\"><em>Annelise<\/em> <em>\u2013 <\/em>L\u00e4rare p\u00e5 h\u00f6gstadiet, Matematik, Fysik, Kemi och Biologi<\/h2>\n\n\n\n<h3 class=\"wp-block-heading\">Vilken typ av uppgifter m\u00e4rker du skapar mest engagemang hos eleverna?<\/h3>\n\n\n\n<p>Uppgifter och genomg\u00e5ngar d\u00e4r eleverna p\u00e5 n\u00e5got s\u00e4tt k\u00e4nner igen sig eller kan relatera till brukar skapa mest engagemang. Till exempel inom biologin, d\u00e5 vi pratar om kroppen och p\u00e5pekar att vi egentligen pratar om oss sj\u00e4lva vilket \u00f6kar medvetenheten om dem sj\u00e4lva, hur och varf\u00f6r de fungerar som de g\u00f6r och vad vi alla beh\u00f6ver f\u00f6r att m\u00e5 bra.<\/p>\n\n\n\n<h3 class=\"wp-block-heading\">Hur uppmuntrar du eleverna till kreativitet och att t\u00e4nka i nya banor?<\/h3>\n\n\n\n<p>F\u00f6r att f\u00e5 eleverna nyfikna jobbar jag mycket med fr\u00e5gor under tiden jag g\u00e5r igenom n\u00e5got nytt. Varf\u00f6r \u00e4r det s\u00e5? Det \u00e4r inte alltid jag f\u00e5r n\u00e5got svar, men jag tror att de blir mer aktiva i sitt lyssnande. Inf\u00f6r NO-laborationer jobbar vi med fr\u00e5gest\u00e4llningar och d\u00e5 f\u00e5r eleverna sj\u00e4lva t\u00e4nka till p\u00e5 vad som kan unders\u00f6kas inom ett visst omr\u00e5de, med en progression fr\u00e5n 7an till 9an. Inom matematiken uppmuntrar jag ocks\u00e5 till att t\u00e4nka sj\u00e4lv och p\u00e5minner om att uppgifter kan l\u00f6sas med flera olika metoder som \u00e4nd\u00e5 ger r\u00e4tt svar.<\/p>\n\n\n\n<h3 class=\"wp-block-heading\">N\u00e4r k\u00e4nner du som l\u00e4rare att du har lyckats?<\/h3>\n\n\n\n<p>Min b\u00e4sta k\u00e4nsla \u00e4r nog n\u00e4r alla i klassen har klarat ett prov. D\u00e5 k\u00e4nner jag mig n\u00f6jd som l\u00e4rare och att jag n\u00e5tt fram till alla elever. Sedan gl\u00e4ds jag \u00e4ven med enskilda elever som k\u00e4nner sig n\u00f6jda med sina prestationer och vad de \u00e5stadkommit.<\/p>\n\n\n\n<h3 class=\"wp-block-heading\">Hur arbetar du med att bygga goda relationer p\u00e5 skolan?<\/h3>\n\n\n\n<p>Eftersom vi \u00e4r en relativt liten skola s\u00e5 \u00e4r relationen mellan personal och elever n\u00e4ra. Vi ser till att alla elever k\u00e4nner sig sedda och har n\u00e5gon vuxen som de kan prata med vid behov. Sedan r\u00f6r vi oss mycket i korridorerna, d\u00e4r eleverna som har rast ofta sitter, och d\u00e5 sm\u00e5pratar och skojar man lite p\u00e5 v\u00e4g till eller fr\u00e5n lektion. <\/p>\n\n\n\n\t<style>\n\t\t.inner {\n\n\t\t\tmargin: 0 auto;\n\n\n\t\t}\n\t<\/style>\n\t<div\n\t\t class=\"container images-module\" >\n\t\t<div class=\"row images_module__slideshow\">\n\n\t\t\t<div\n\t\t\t\t\tclass=\"col-md-12 p-0 position-relative images_module__slideshow images_module__slideshow-container  \">\n\t\t\t\t<div class=\"images_module__slide\" data-slide=\"\"\n\t\t\t\t\t data-duration=\"\"><\/div>\n\t\t\t\t\t\t\t\t\t<div\n\t\t\t\t\t\t class=\"images_module__slides\n\n\t\t\t\t\t   \"\n\t\t\t\t\t>\n\n\t\t\t\t\t\t<div class=\"images__wrapper\" style=\"aspect-ratio: 851 \/ 851;\">\n\t\t\t\t\t\t\t<img decoding=\"async\" width=\"492\" height=\"640\" src=\"https:\/\/innovitaskolan.se\/wp-content\/uploads\/sites\/18\/2025\/10\/img8510.jpg\" class=\"images__image_ratio  \" alt=\"\" style=\"aspect-ratio: 851 \/ 851;object-position: center center;\" srcset=\"https:\/\/innovitaskolan.se\/wp-content\/uploads\/sites\/18\/2025\/10\/img8510.jpg 492w, https:\/\/innovitaskolan.se\/wp-content\/uploads\/sites\/18\/2025\/10\/img8510-300x390.jpg 300w, https:\/\/innovitaskolan.se\/wp-content\/uploads\/sites\/18\/2025\/10\/img8510-400x520.jpg 400w\" sizes=\"(max-width: 492px) 100vw, 492px\" \/>\t\t\t\t\t\t<\/div>\n\t\t\t\t\t\t\n\n\t\t\t\t\t\t\t\t\t\t\t<\/div>\n\t\t\t\t\n\t\t\t\t<div class=\"images_module__container_dot\">\n\t\t\t\t\t<div style=\"text-align:center\">\n\n\n\t\t\t\t\t\t\t\t\t\t\t\t\t<span   data-i=\"0\"\n\t\t\t\t\t\t\t\t  class=\"\n\t\t\t\t\t\t\timages_module__dot\n\t\t\t\t\t\t\t\t\t\t\t\t\t\t\"\n\t\t\t\t\t\t\t><\/span>\n\t\t\t\t\t\t\t\t\t\t\t<\/div>\n\t\t\t\t<\/div>\n\n\n\t\t\t<\/div>\n\t\t<\/div>\n\t<\/div>\n\n\t\n\n\n<script>\n\tvar images_display_descriptive_text = \"\";\n<\/script>\n<\/div>\n\n\n\n<div class=\"wp-block-column is-layout-flow wp-block-column-is-layout-flow\" style=\"flex-basis:15%\"><\/div>\n<\/div>\n\n\n\n\n<section  class=\"ams-cta ams-cta--stacked c-block l-stacked\" data-color-scheme=\"beige\">\n\t<div class=\"l-container-narrow l-stack l-stack-fluid-2xl u-pt-fluid-md-xl u-pb-fluid-md-xl is-center is-center@md\">\n\t\t\t\t\t<div class=\"ams-cta__intro l-stack l-stack-lg\">\n\t\t\t\t\t\n\t<h3\n\tclass=\"c-heading u-font-title-1 \"\n\tstyle=\"\">\n\t\t\n\t\t\t\t\tVill du l\u00e4sa mer om v\u00e5rt pedagogiska koncept?\n\t\t\t\t\n\t<\/h3>\n\n\t\t\t\t\t\t\t<\/div>\n\t\t\n\t\t\n\t\t\t<div class=\"ams-cta__action u-inline-items\">\n\t\t\t\t\t\t\t\n\n\n<a href=\"https:\/\/innovitaskolan.se\/molndal\/pedagogiskt-koncept\/\"\n\t\n\tclass=\"c-btn \"\n\tdata-style=\"round\"\n\tdata-size=\"md\"\n\tdata-width=\"full-mobile\"\n\tdata-variant=\"default\"\n\ttarget=\"_self\">\n\t\t\t<span class=\"label\"> V\u00e5rt pedagogiska koncept<\/span>\n\t\t\t<\/a>\n\t\t\t<\/div>\n\t<\/div>\n\n\t\t\n\t\t\t\n\t\t\t\t\t\t\t\n\t\t\t\t<div class=\"c-bg c-bg--img\" data-settings=\"{&quot;desktop_settings&quot;:{&quot;size&quot;:&quot;auto&quot;,&quot;position&quot;:&quot;top-left&quot;},&quot;mobile_settings&quot;:{&quot;size&quot;:&quot;auto&quot;,&quot;position&quot;:&quot;top-left&quot;}}\" data-position=\"middle-center\" data-size=\"cover\">\n\t\t\t\n\t\t<\/div>\n\t\t\t\n\t\t\t\t\t\t\t\n\t\t\t\t<div class=\"c-bg c-bg--img\" data-settings=\"{&quot;desktop_settings&quot;:{&quot;size&quot;:&quot;auto&quot;,&quot;position&quot;:&quot;bottom-right&quot;},&quot;mobile_settings&quot;:{&quot;size&quot;:&quot;auto&quot;,&quot;position&quot;:&quot;bottom-right&quot;}}\" data-position=\"middle-center\" data-size=\"cover\">\n\t\t\t\n\t\t<\/div>\n\t\n<\/section>\n","protected":false},"template":"","article_category":[26],"yoast_head":"<!-- This site is optimized with the Yoast SEO plugin v22.0 - https:\/\/yoast.com\/wordpress\/plugins\/seo\/ -->\n<title>L\u00e4r k\u00e4nna v\u00e5ra pedagoger | Innovitaskolan M\u00f6lndal<\/title>\n<meta name=\"description\" content=\"L\u00e4r k\u00e4nna v\u00e5ra pedagoger och l\u00e4rare lite b\u00e4ttre! Vad motiverar dem mest och hur uppmuntrar de till nyfikenhet och kreativitet?\" \/>\n<meta name=\"robots\" content=\"index, follow, max-snippet:-1, max-image-preview:large, max-video-preview:-1\" \/>\n<link rel=\"canonical\" href=\"https:\/\/innovitaskolan.se\/molndal\/artiklar\/pedagoger\/\" \/>\n<meta property=\"og:locale\" content=\"sv_SE\" \/>\n<meta property=\"og:type\" content=\"article\" \/>\n<meta property=\"og:title\" content=\"L\u00e4r k\u00e4nna v\u00e5ra pedagoger | Innovitaskolan M\u00f6lndal\" \/>\n<meta property=\"og:description\" content=\"L\u00e4r k\u00e4nna v\u00e5ra pedagoger och l\u00e4rare lite b\u00e4ttre! Vad motiverar dem mest och hur uppmuntrar de till nyfikenhet och kreativitet?\" \/>\n<meta property=\"og:url\" content=\"https:\/\/innovitaskolan.se\/molndal\/artiklar\/pedagoger\/\" \/>\n<meta property=\"og:site_name\" content=\"M\u00f6lndal\" \/>\n<meta property=\"article:modified_time\" content=\"2025-11-27T14:06:02+00:00\" \/>\n<meta name=\"twitter:card\" content=\"summary_large_image\" \/>\n<meta name=\"twitter:title\" content=\"L\u00e4r k\u00e4nna v\u00e5ra pedagoger | Innovitaskolan M\u00f6lndal\" \/>\n<meta name=\"twitter:description\" content=\"L\u00e4r k\u00e4nna v\u00e5ra pedagoger och l\u00e4rare lite b\u00e4ttre! Vad motiverar dem mest och hur uppmuntrar de till nyfikenhet och kreativitet?\" \/>\n<meta name=\"twitter:image\" content=\"https:\/\/innovitaskolan.se\/wp-content\/uploads\/sites\/18\/2025\/10\/v-20251005-2-1200x630.jpeg\" \/>\n<meta name=\"twitter:label1\" content=\"Ber\u00e4knad l\u00e4stid\" \/>\n\t<meta name=\"twitter:data1\" content=\"6 minuter\" \/>\n<script type=\"application\/ld+json\" class=\"yoast-schema-graph\">{\"@context\":\"https:\/\/schema.org\",\"@graph\":[{\"@type\":\"WebPage\",\"@id\":\"https:\/\/innovitaskolan.se\/molndal\/artiklar\/pedagoger\/\",\"url\":\"https:\/\/innovitaskolan.se\/molndal\/artiklar\/pedagoger\/\",\"name\":\"L\u00e4r k\u00e4nna v\u00e5ra pedagoger | Innovitaskolan M\u00f6lndal\",\"isPartOf\":{\"@id\":\"https:\/\/innovitaskolan.se\/molndal\/#website\"},\"datePublished\":\"2025-11-27T14:06:01+00:00\",\"dateModified\":\"2025-11-27T14:06:02+00:00\",\"description\":\"L\u00e4r k\u00e4nna v\u00e5ra pedagoger och l\u00e4rare lite b\u00e4ttre! Vad motiverar dem mest och hur uppmuntrar de till nyfikenhet och kreativitet?\",\"breadcrumb\":{\"@id\":\"https:\/\/innovitaskolan.se\/molndal\/artiklar\/pedagoger\/#breadcrumb\"},\"inLanguage\":\"sv-SE\",\"potentialAction\":[{\"@type\":\"ReadAction\",\"target\":[\"https:\/\/innovitaskolan.se\/molndal\/artiklar\/pedagoger\/\"]}]},{\"@type\":\"BreadcrumbList\",\"@id\":\"https:\/\/innovitaskolan.se\/molndal\/artiklar\/pedagoger\/#breadcrumb\",\"itemListElement\":[{\"@type\":\"ListItem\",\"position\":1,\"name\":\"Start\",\"item\":\"https:\/\/innovitaskolan.se\/molndal\"},{\"@type\":\"ListItem\",\"position\":2,\"name\":\"Artiklar\"}]},{\"@type\":\"WebSite\",\"@id\":\"https:\/\/innovitaskolan.se\/molndal\/#website\",\"url\":\"https:\/\/innovitaskolan.se\/molndal\/\",\"name\":\"M\u00f6lndal\",\"description\":\"En del av AcadeMedia\",\"potentialAction\":[{\"@type\":\"SearchAction\",\"target\":{\"@type\":\"EntryPoint\",\"urlTemplate\":\"https:\/\/innovitaskolan.se\/molndal\/?s={search_term_string}\"},\"query-input\":\"required name=search_term_string\"}],\"inLanguage\":\"sv-SE\"}]}<\/script>\n<!-- \/ Yoast SEO plugin. -->","yoast_head_json":{"title":"L\u00e4r k\u00e4nna v\u00e5ra pedagoger | Innovitaskolan M\u00f6lndal","description":"L\u00e4r k\u00e4nna v\u00e5ra pedagoger och l\u00e4rare lite b\u00e4ttre! Vad motiverar dem mest och hur uppmuntrar de till nyfikenhet och kreativitet?","robots":{"index":"index","follow":"follow","max-snippet":"max-snippet:-1","max-image-preview":"max-image-preview:large","max-video-preview":"max-video-preview:-1"},"canonical":"https:\/\/innovitaskolan.se\/molndal\/artiklar\/pedagoger\/","og_locale":"sv_SE","og_type":"article","og_title":"L\u00e4r k\u00e4nna v\u00e5ra pedagoger | Innovitaskolan M\u00f6lndal","og_description":"L\u00e4r k\u00e4nna v\u00e5ra pedagoger och l\u00e4rare lite b\u00e4ttre! Vad motiverar dem mest och hur uppmuntrar de till nyfikenhet och kreativitet?","og_url":"https:\/\/innovitaskolan.se\/molndal\/artiklar\/pedagoger\/","og_site_name":"M\u00f6lndal","article_modified_time":"2025-11-27T14:06:02+00:00","twitter_card":"summary_large_image","twitter_title":"L\u00e4r k\u00e4nna v\u00e5ra pedagoger | Innovitaskolan M\u00f6lndal","twitter_description":"L\u00e4r k\u00e4nna v\u00e5ra pedagoger och l\u00e4rare lite b\u00e4ttre! Vad motiverar dem mest och hur uppmuntrar de till nyfikenhet och kreativitet?","twitter_image":"https:\/\/innovitaskolan.se\/wp-content\/uploads\/sites\/18\/2025\/10\/v-20251005-2-1200x630.jpeg","twitter_misc":{"Ber\u00e4knad l\u00e4stid":"6 minuter"},"schema":{"@context":"https:\/\/schema.org","@graph":[{"@type":"WebPage","@id":"https:\/\/innovitaskolan.se\/molndal\/artiklar\/pedagoger\/","url":"https:\/\/innovitaskolan.se\/molndal\/artiklar\/pedagoger\/","name":"L\u00e4r k\u00e4nna v\u00e5ra pedagoger | Innovitaskolan M\u00f6lndal","isPartOf":{"@id":"https:\/\/innovitaskolan.se\/molndal\/#website"},"datePublished":"2025-11-27T14:06:01+00:00","dateModified":"2025-11-27T14:06:02+00:00","description":"L\u00e4r k\u00e4nna v\u00e5ra pedagoger och l\u00e4rare lite b\u00e4ttre! Vad motiverar dem mest och hur uppmuntrar de till nyfikenhet och kreativitet?","breadcrumb":{"@id":"https:\/\/innovitaskolan.se\/molndal\/artiklar\/pedagoger\/#breadcrumb"},"inLanguage":"sv-SE","potentialAction":[{"@type":"ReadAction","target":["https:\/\/innovitaskolan.se\/molndal\/artiklar\/pedagoger\/"]}]},{"@type":"BreadcrumbList","@id":"https:\/\/innovitaskolan.se\/molndal\/artiklar\/pedagoger\/#breadcrumb","itemListElement":[{"@type":"ListItem","position":1,"name":"Start","item":"https:\/\/innovitaskolan.se\/molndal"},{"@type":"ListItem","position":2,"name":"Artiklar"}]},{"@type":"WebSite","@id":"https:\/\/innovitaskolan.se\/molndal\/#website","url":"https:\/\/innovitaskolan.se\/molndal\/","name":"M\u00f6lndal","description":"En del av AcadeMedia","potentialAction":[{"@type":"SearchAction","target":{"@type":"EntryPoint","urlTemplate":"https:\/\/innovitaskolan.se\/molndal\/?s={search_term_string}"},"query-input":"required name=search_term_string"}],"inLanguage":"sv-SE"}]}},"_links":{"self":[{"href":"https:\/\/innovitaskolan.se\/molndal\/wp-json\/wp\/v2\/article\/2018"}],"collection":[{"href":"https:\/\/innovitaskolan.se\/molndal\/wp-json\/wp\/v2\/article"}],"about":[{"href":"https:\/\/innovitaskolan.se\/molndal\/wp-json\/wp\/v2\/types\/article"}],"wp:attachment":[{"href":"https:\/\/innovitaskolan.se\/molndal\/wp-json\/wp\/v2\/media?parent=2018"}],"wp:term":[{"taxonomy":"article_category","embeddable":true,"href":"https:\/\/innovitaskolan.se\/molndal\/wp-json\/wp\/v2\/article_category?post=2018"}],"curies":[{"name":"wp","href":"https:\/\/api.w.org\/{rel}","templated":true}]}}