{"id":2194,"date":"2026-04-17T07:47:19","date_gmt":"2026-04-17T05:47:19","guid":{"rendered":"https:\/\/innovitaskolan.se\/lulea\/?post_type=article&#038;p=2194"},"modified":"2026-04-17T14:40:05","modified_gmt":"2026-04-17T12:40:05","slug":"elevroster","status":"publish","type":"article","link":"https:\/\/innovitaskolan.se\/lulea\/artiklar\/elevroster\/","title":{"rendered":"Elevr\u00f6ster"},"content":{"rendered":"\n<div class=\"wp-block-group is-layout-constrained wp-container-core-group-layout-1 wp-block-group-is-layout-constrained\">\n<h1 class=\"wp-block-heading\">M\u00f6t v\u00e5ra elever p\u00e5 Innovitaskolan Lule\u00e5<\/h1>\n\n\n\n<p   class=\"site__ingress container text-left  site__text-color--dark  site__free_text--ingress p-0\">\n\tHur \u00e4r det egentligen att g\u00e5 p\u00e5 Innovitaskolan? H\u00e4r ber\u00e4ttar v\u00e5ra elever om sin vardag, vad de tycker om att g\u00f6ra p\u00e5 skolan och hur de ser p\u00e5 framtiden.<\/p>\n\n\n\n\n\n<h2 class=\"wp-block-heading\"><em>Max Kihlberg<\/em> &#8211; Elev i f\u00f6rskoleklass<\/h2>\n\n\n\n<h3 class=\"wp-block-heading\">Hur \u00e4r det egentligen att g\u00e5 i f\u00f6rskoleklass?<\/h3>\n\n\n\n<p>Det \u00e4r roligt och varierat \u2013 vi g\u00f6r m\u00e5nga olika saker varje dag. Vi har till exempel avslappning, \u00e4ter frukt och l\u00e4r oss nya saker som alfabetet. Ibland g\u00f6r vi ocks\u00e5 utflykter, som n\u00e4r vi \u00e5kte buss till Kulturens hus.<\/p>\n\n\n\n<h3 class=\"wp-block-heading\">Vad tycker du \u00e4r roligast att g\u00f6ra i skolan?<\/h3>\n\n\n\n<p>Det roligaste \u00e4r att leka ute med kompisar. Jag tycker ocks\u00e5 om matte och svenska, f\u00f6r det \u00e4r bra att kunna n\u00e4r man blir \u00e4ldre. Att bygga och konstruera saker \u00e4r ocks\u00e5 v\u00e4ldigt kul.<\/p>\n\n\n\n<h3 class=\"wp-block-heading\">Vad g\u00f6r l\u00e4rarna som du tycker \u00e4r bra h\u00e4r?<\/h3>\n\n\n\n<p>L\u00e4rarna \u00e4r sn\u00e4lla och lyssnar p\u00e5 oss. Det k\u00e4nns viktigt.<\/p>\n\n\n\n<h3 class=\"wp-block-heading\">Vad g\u00f6r ni i f\u00f6rskoleklassen f\u00f6r att alla ska k\u00e4nna sig glada och v\u00e5ga vara med?<\/h3>\n\n\n\n<p>&nbsp;Vi har tydliga regler om att alla ska f\u00e5 vara med. Ingen f\u00e5r l\u00e4mnas utanf\u00f6r och vi bjuder alltid in varandra i lekarna.<\/p>\n\n\n\n\n<figure  class=\"ams-media l-container l-stack l-stack-2xs u-pt-fluid-md-xl u-pb-fluid-md-xl is-center is-center@md\" >\n\t\t\t\t\t<img decoding=\"async\" width=\"600\" height=\"450\" src=\"https:\/\/innovitaskolan.se\/wp-content\/uploads\/sites\/14\/2026\/03\/img0040-600x450.jpeg\" class=\"ams-media__image u-ratio-square u-radius-soft\" alt=\"\" sizes=\"(max-width: 600px) 100vw, 600px\" srcset=\"https:\/\/innovitaskolan.se\/wp-content\/uploads\/sites\/14\/2026\/03\/img0040-600x450.jpeg 600w, https:\/\/innovitaskolan.se\/wp-content\/uploads\/sites\/14\/2026\/03\/img0040-300x225.jpeg 300w, https:\/\/innovitaskolan.se\/wp-content\/uploads\/sites\/14\/2026\/03\/img0040-400x300.jpeg 400w, https:\/\/innovitaskolan.se\/wp-content\/uploads\/sites\/14\/2026\/03\/img0040-800x600.jpeg 800w, https:\/\/innovitaskolan.se\/wp-content\/uploads\/sites\/14\/2026\/03\/img0040-1024x768.jpeg 1024w, https:\/\/innovitaskolan.se\/wp-content\/uploads\/sites\/14\/2026\/03\/img0040-1200x900.jpeg 1200w, https:\/\/innovitaskolan.se\/wp-content\/uploads\/sites\/14\/2026\/03\/img0040-768x576.jpeg 768w\" \/>\n\t\t\n\t\n\t<\/figure>\n\n\n\n<h2 class=\"wp-block-heading\"><em>Isabelle Drugge-<\/em> Elev i \u00e5k 4<\/h2>\n\n\n\n<h3 class=\"wp-block-heading\">Finns det n\u00e5got du har l\u00e4rt dig i skolan som du ocks\u00e5 anv\u00e4nder hemma?<\/h3>\n\n\n\n<p>Ja, m\u00e5nga saker. Till exempel anv\u00e4nder jag matte n\u00e4r jag bakar eller n\u00e4r vi planerar resor och tittar p\u00e5 avst\u00e5nd i kilometer. Jag l\u00e4ser ocks\u00e5 mycket hemma, vilket jag har blivit b\u00e4ttre p\u00e5 tack vare skolan.<\/p>\n\n\n\n<h3 class=\"wp-block-heading\">N\u00e4r tycker du att skolarbetet \u00e4r som mest sp\u00e4nnande?<\/h3>\n\n\n\n<p>Det \u00e4r extra roligt n\u00e4r vi f\u00e5r arbeta p\u00e5 andra s\u00e4tt \u00e4n i b\u00f6cker, som i grupparbeten eller p\u00e5 stationer. Min l\u00e4rare \u00e4r bra p\u00e5 att variera undervisningen.<\/p>\n\n\n\n<h3 class=\"wp-block-heading\">Vad \u00e4r det b\u00e4sta med att g\u00e5 p\u00e5 din skola?<\/h3>\n\n\n\n<p>Gemenskapen och alla roliga aktiviteter. Jag tycker om att det finns olika milj\u00f6er som bibliotek, atelj\u00e9 och fritidsrum d\u00e4r man kan vara och utvecklas p\u00e5 olika s\u00e4tt.<\/p>\n\n\n\n\n<figure  class=\"ams-media l-container l-stack l-stack-2xs u-pt-fluid-md-xl u-pb-fluid-md-xl is-center is-center@md\" >\n\t\t\t\t\t<img decoding=\"async\" width=\"600\" height=\"450\" src=\"https:\/\/innovitaskolan.se\/wp-content\/uploads\/sites\/14\/2026\/03\/img0041-600x450.jpeg\" class=\"ams-media__image u-ratio-square u-radius-soft\" alt=\"\" sizes=\"(max-width: 600px) 100vw, 600px\" srcset=\"https:\/\/innovitaskolan.se\/wp-content\/uploads\/sites\/14\/2026\/03\/img0041-600x450.jpeg 600w, https:\/\/innovitaskolan.se\/wp-content\/uploads\/sites\/14\/2026\/03\/img0041-300x225.jpeg 300w, https:\/\/innovitaskolan.se\/wp-content\/uploads\/sites\/14\/2026\/03\/img0041-400x300.jpeg 400w, https:\/\/innovitaskolan.se\/wp-content\/uploads\/sites\/14\/2026\/03\/img0041-800x600.jpeg 800w, https:\/\/innovitaskolan.se\/wp-content\/uploads\/sites\/14\/2026\/03\/img0041-1024x768.jpeg 1024w, https:\/\/innovitaskolan.se\/wp-content\/uploads\/sites\/14\/2026\/03\/img0041-1200x900.jpeg 1200w, https:\/\/innovitaskolan.se\/wp-content\/uploads\/sites\/14\/2026\/03\/img0041-768x576.jpeg 768w\" \/>\n\t\t\n\t\n\t<\/figure>\n\n\n\n<h2 class=\"wp-block-heading\"><em>Evan Olsson<\/em> \u2013 Elev i \u00e5k 8<\/h2>\n\n\n\n<h3 class=\"wp-block-heading\">Vad har du l\u00e4rt dig i skolan som inte st\u00e5r i n\u00e5gon l\u00e4robok?<\/h3>\n\n\n\n<p>Jag har l\u00e4rt mig hur viktigt gemenskap \u00e4r och hur man \u00e4r en bra kompis. P\u00e5 v\u00e5r skola f\u00e5r vi m\u00e5nga tillf\u00e4llen att umg\u00e5s, till exempel i uppeh\u00e5llsrummet, vilket g\u00f6r att man l\u00e4r sig samarbeta och inkludera andra. Jag har ocks\u00e5 l\u00e4rt mig att ta hand om min h\u00e4lsa genom att r\u00f6ra p\u00e5 mig och delta aktivt p\u00e5 idrotten och idrottsrasterna f\u00f6r att orka mer i skolan. Dessutom har jag l\u00e4rt mig att visa respekt och att v\u00e5ga vara mig sj\u00e4lv, mycket tack vare v\u00e5ra engagerade l\u00e4rare som bryr sig om oss elever.<\/p>\n\n\n\n<h3 class=\"wp-block-heading\">Hur har ditt s\u00e4tt att t\u00e4nka eller arbeta f\u00f6r\u00e4ndrats sedan du b\u00f6rjade h\u00e4r?<\/h3>\n\n\n\n<p>Jag har f\u00e5tt bra st\u00f6d i att utveckla mitt s\u00e4tt att t\u00e4nka. Skolan har gett mig r\u00e4tt f\u00f6ruts\u00e4ttningar, s\u00e4rskilt i matematik d\u00e4r jag har kunnat utvecklas mycket.<\/p>\n\n\n\n<h3 class=\"wp-block-heading\">Utifr\u00e5n det du har l\u00e4rt dig i skolan, vad tror du att du alltid kommer komma ih\u00e5g i framtiden?<\/h3>\n\n\n\n<p>Jag tror att jag kommer ha stor anv\u00e4ndning av mina kunskaper i matematik och kemi. Det \u00e4r \u00e4mnen jag tycker om och \u00e4r bra p\u00e5, och som jag vill forts\u00e4tta utvecklas inom p\u00e5 gymnasiet.<\/p>\n\n\n\n\n<figure  class=\"ams-media l-container l-stack l-stack-2xs u-pt-fluid-md-xl u-pb-fluid-md-xl is-center is-center@md\" >\n\t\t\t\t\t<img decoding=\"async\" width=\"600\" height=\"450\" src=\"https:\/\/innovitaskolan.se\/wp-content\/uploads\/sites\/14\/2026\/03\/img0036-600x450.jpeg\" class=\"ams-media__image u-ratio-square u-radius-soft\" alt=\"\" sizes=\"(max-width: 600px) 100vw, 600px\" srcset=\"https:\/\/innovitaskolan.se\/wp-content\/uploads\/sites\/14\/2026\/03\/img0036-600x450.jpeg 600w, https:\/\/innovitaskolan.se\/wp-content\/uploads\/sites\/14\/2026\/03\/img0036-300x225.jpeg 300w, https:\/\/innovitaskolan.se\/wp-content\/uploads\/sites\/14\/2026\/03\/img0036-400x300.jpeg 400w, https:\/\/innovitaskolan.se\/wp-content\/uploads\/sites\/14\/2026\/03\/img0036-800x600.jpeg 800w, https:\/\/innovitaskolan.se\/wp-content\/uploads\/sites\/14\/2026\/03\/img0036-1024x768.jpeg 1024w, https:\/\/innovitaskolan.se\/wp-content\/uploads\/sites\/14\/2026\/03\/img0036-1200x900.jpeg 1200w, https:\/\/innovitaskolan.se\/wp-content\/uploads\/sites\/14\/2026\/03\/img0036-768x576.jpeg 768w\" \/>\n\t\t\n\t\n\t<\/figure>\n<\/div>\n","protected":false},"template":"","article_category":[26,11],"yoast_head":"<!-- This site is optimized with the Yoast SEO plugin v22.0 - https:\/\/yoast.com\/wordpress\/plugins\/seo\/ -->\n<title>Lule\u00e5<\/title>\n<meta name=\"description\" content=\"Hur \u00e4r det egentligen att g\u00e5 p\u00e5 Innovitaskolan Lule\u00e5? H\u00e4r ber\u00e4ttar v\u00e5ra elever om sin vardag, vad de tycker om att g\u00f6ra p\u00e5 skolan.\" \/>\n<meta name=\"robots\" content=\"index, follow, max-snippet:-1, max-image-preview:large, max-video-preview:-1\" \/>\n<link rel=\"canonical\" href=\"https:\/\/innovitaskolan.se\/lulea\/artiklar\/elevroster\/\" \/>\n<meta property=\"og:locale\" content=\"sv_SE\" \/>\n<meta property=\"og:type\" content=\"article\" \/>\n<meta property=\"og:description\" content=\"Hur \u00e4r det egentligen att g\u00e5 p\u00e5 Innovitaskolan Lule\u00e5? H\u00e4r ber\u00e4ttar v\u00e5ra elever om sin vardag, vad de tycker om att g\u00f6ra p\u00e5 skolan.\" \/>\n<meta property=\"og:url\" content=\"https:\/\/innovitaskolan.se\/lulea\/artiklar\/elevroster\/\" \/>\n<meta property=\"og:site_name\" content=\"Lule\u00e5\" \/>\n<meta property=\"article:modified_time\" content=\"2026-04-17T12:40:05+00:00\" \/>\n<meta name=\"twitter:card\" content=\"summary_large_image\" \/>\n<meta name=\"twitter:description\" content=\"Hur \u00e4r det egentligen att g\u00e5 p\u00e5 Innovitaskolan Lule\u00e5? H\u00e4r ber\u00e4ttar v\u00e5ra elever om sin vardag, vad de tycker om att g\u00f6ra p\u00e5 skolan.\" \/>\n<meta name=\"twitter:label1\" content=\"Ber\u00e4knad l\u00e4stid\" \/>\n\t<meta name=\"twitter:data1\" content=\"4 minuter\" \/>\n<script type=\"application\/ld+json\" class=\"yoast-schema-graph\">{\"@context\":\"https:\/\/schema.org\",\"@graph\":[{\"@type\":\"WebPage\",\"@id\":\"https:\/\/innovitaskolan.se\/lulea\/artiklar\/elevroster\/\",\"url\":\"https:\/\/innovitaskolan.se\/lulea\/artiklar\/elevroster\/\",\"name\":\"Elevr\u00f6ster - Lule\u00e5\",\"isPartOf\":{\"@id\":\"https:\/\/innovitaskolan.se\/lulea\/#website\"},\"datePublished\":\"2026-04-17T05:47:19+00:00\",\"dateModified\":\"2026-04-17T12:40:05+00:00\",\"description\":\"Hur \u00e4r det egentligen att g\u00e5 p\u00e5 Innovitaskolan Lule\u00e5? H\u00e4r ber\u00e4ttar v\u00e5ra elever om sin vardag, vad de tycker om att g\u00f6ra p\u00e5 skolan.\",\"breadcrumb\":{\"@id\":\"https:\/\/innovitaskolan.se\/lulea\/artiklar\/elevroster\/#breadcrumb\"},\"inLanguage\":\"sv-SE\",\"potentialAction\":[{\"@type\":\"ReadAction\",\"target\":[\"https:\/\/innovitaskolan.se\/lulea\/artiklar\/elevroster\/\"]}]},{\"@type\":\"BreadcrumbList\",\"@id\":\"https:\/\/innovitaskolan.se\/lulea\/artiklar\/elevroster\/#breadcrumb\",\"itemListElement\":[{\"@type\":\"ListItem\",\"position\":1,\"name\":\"Start\",\"item\":\"https:\/\/innovitaskolan.se\/lulea\"},{\"@type\":\"ListItem\",\"position\":2,\"name\":\"Artiklar\"}]},{\"@type\":\"WebSite\",\"@id\":\"https:\/\/innovitaskolan.se\/lulea\/#website\",\"url\":\"https:\/\/innovitaskolan.se\/lulea\/\",\"name\":\"Lule\u00e5\",\"description\":\"En del av AcadeMedia\",\"potentialAction\":[{\"@type\":\"SearchAction\",\"target\":{\"@type\":\"EntryPoint\",\"urlTemplate\":\"https:\/\/innovitaskolan.se\/lulea\/?s={search_term_string}\"},\"query-input\":\"required name=search_term_string\"}],\"inLanguage\":\"sv-SE\"}]}<\/script>\n<!-- \/ Yoast SEO plugin. -->","yoast_head_json":{"title":"Lule\u00e5","description":"Hur \u00e4r det egentligen att g\u00e5 p\u00e5 Innovitaskolan Lule\u00e5? H\u00e4r ber\u00e4ttar v\u00e5ra elever om sin vardag, vad de tycker om att g\u00f6ra p\u00e5 skolan.","robots":{"index":"index","follow":"follow","max-snippet":"max-snippet:-1","max-image-preview":"max-image-preview:large","max-video-preview":"max-video-preview:-1"},"canonical":"https:\/\/innovitaskolan.se\/lulea\/artiklar\/elevroster\/","og_locale":"sv_SE","og_type":"article","og_description":"Hur \u00e4r det egentligen att g\u00e5 p\u00e5 Innovitaskolan Lule\u00e5? H\u00e4r ber\u00e4ttar v\u00e5ra elever om sin vardag, vad de tycker om att g\u00f6ra p\u00e5 skolan.","og_url":"https:\/\/innovitaskolan.se\/lulea\/artiklar\/elevroster\/","og_site_name":"Lule\u00e5","article_modified_time":"2026-04-17T12:40:05+00:00","twitter_card":"summary_large_image","twitter_description":"Hur \u00e4r det egentligen att g\u00e5 p\u00e5 Innovitaskolan Lule\u00e5? H\u00e4r ber\u00e4ttar v\u00e5ra elever om sin vardag, vad de tycker om att g\u00f6ra p\u00e5 skolan.","twitter_misc":{"Ber\u00e4knad l\u00e4stid":"4 minuter"},"schema":{"@context":"https:\/\/schema.org","@graph":[{"@type":"WebPage","@id":"https:\/\/innovitaskolan.se\/lulea\/artiklar\/elevroster\/","url":"https:\/\/innovitaskolan.se\/lulea\/artiklar\/elevroster\/","name":"Elevr\u00f6ster - Lule\u00e5","isPartOf":{"@id":"https:\/\/innovitaskolan.se\/lulea\/#website"},"datePublished":"2026-04-17T05:47:19+00:00","dateModified":"2026-04-17T12:40:05+00:00","description":"Hur \u00e4r det egentligen att g\u00e5 p\u00e5 Innovitaskolan Lule\u00e5? H\u00e4r ber\u00e4ttar v\u00e5ra elever om sin vardag, vad de tycker om att g\u00f6ra p\u00e5 skolan.","breadcrumb":{"@id":"https:\/\/innovitaskolan.se\/lulea\/artiklar\/elevroster\/#breadcrumb"},"inLanguage":"sv-SE","potentialAction":[{"@type":"ReadAction","target":["https:\/\/innovitaskolan.se\/lulea\/artiklar\/elevroster\/"]}]},{"@type":"BreadcrumbList","@id":"https:\/\/innovitaskolan.se\/lulea\/artiklar\/elevroster\/#breadcrumb","itemListElement":[{"@type":"ListItem","position":1,"name":"Start","item":"https:\/\/innovitaskolan.se\/lulea"},{"@type":"ListItem","position":2,"name":"Artiklar"}]},{"@type":"WebSite","@id":"https:\/\/innovitaskolan.se\/lulea\/#website","url":"https:\/\/innovitaskolan.se\/lulea\/","name":"Lule\u00e5","description":"En del av AcadeMedia","potentialAction":[{"@type":"SearchAction","target":{"@type":"EntryPoint","urlTemplate":"https:\/\/innovitaskolan.se\/lulea\/?s={search_term_string}"},"query-input":"required name=search_term_string"}],"inLanguage":"sv-SE"}]}},"_links":{"self":[{"href":"https:\/\/innovitaskolan.se\/lulea\/wp-json\/wp\/v2\/article\/2194"}],"collection":[{"href":"https:\/\/innovitaskolan.se\/lulea\/wp-json\/wp\/v2\/article"}],"about":[{"href":"https:\/\/innovitaskolan.se\/lulea\/wp-json\/wp\/v2\/types\/article"}],"wp:attachment":[{"href":"https:\/\/innovitaskolan.se\/lulea\/wp-json\/wp\/v2\/media?parent=2194"}],"wp:term":[{"taxonomy":"article_category","embeddable":true,"href":"https:\/\/innovitaskolan.se\/lulea\/wp-json\/wp\/v2\/article_category?post=2194"}],"curies":[{"name":"wp","href":"https:\/\/api.w.org\/{rel}","templated":true}]}}