{"id":2144,"date":"2025-11-27T15:01:08","date_gmt":"2025-11-27T14:01:08","guid":{"rendered":"https:\/\/innovitaskolan.se\/lulea\/?post_type=article&#038;p=2144"},"modified":"2025-11-27T15:01:09","modified_gmt":"2025-11-27T14:01:09","slug":"pedagoger","status":"publish","type":"article","link":"https:\/\/innovitaskolan.se\/lulea\/artiklar\/pedagoger\/","title":{"rendered":"Pedagoger"},"content":{"rendered":"\n<div class=\"wp-block-columns is-layout-flex wp-container-core-columns-layout-1 wp-block-columns-is-layout-flex\">\n<div class=\"wp-block-column is-layout-flow wp-block-column-is-layout-flow\" style=\"flex-basis:15%\"><\/div>\n\n\n\n<div class=\"wp-block-column is-layout-flow wp-block-column-is-layout-flow\" style=\"flex-basis:70%\">\n<h1 class=\"wp-block-heading\">S\u00e4g hej till n\u00e5gra av v\u00e5ra pedagoger<\/h1>\n\n\n\n<p   class=\"site__ingress container text-left  site__text-color--dark  site__free_text--ingress p-0\">\n\tL\u00e4r k\u00e4nna v\u00e5ra pedagoger och l\u00e4rare lite b\u00e4ttre! Vad motiverar dem mest och hur uppmuntrar de till nyfikenhet och kreativitet? <\/p>\n\n\n\n\n\n<h2 class=\"wp-block-heading\"><em>Jessica Lindstr\u00f6m<\/em> \u2013 Pedagog p\u00e5 f\u00f6rskolan<\/h2>\n\n\n\n<h3 class=\"wp-block-heading\">Vad tycker du \u00e4r det roligaste med att g\u00e5 till jobbet?<\/h3>\n\n\n\n<p>Det roligaste med att komma till jobbet \u00e4r att varje dag m\u00f6tas av barnens gl\u00e4dje, nyfikenhet och energi. Barnens lust att uppt\u00e4cka och l\u00e4ra sig nya saker smittar verkligen av sig och g\u00f6r arbetet b\u00e5de inspirerande och meningsfullt. Ingen dag \u00e4r den andra lik, vilket g\u00f6r att alla dagar bjuder p\u00e5 nya upplevelser och l\u00e4rande stunder tillsammans.<\/p>\n\n\n\n<h3 class=\"wp-block-heading\">Vad \u00e4r du extra stolt \u00f6ver p\u00e5 er f\u00f6rskola?<\/h3>\n\n\n\n<p>En av de saker jag \u00e4r extra stolt \u00f6ver med att arbeta p\u00e5 min f\u00f6rskola \u00e4r gemenskapen \u2013 b\u00e5de med kollegorna och med barnen. Att arbeta n\u00e4ra i ett team d\u00e4r man st\u00f6ttar varandra, delar id\u00e9er och har trevligt tillsammans skapar en positiv arbetsmilj\u00f6. Det g\u00f6r att man k\u00e4nner sig trygg, motiverad och delaktig i n\u00e5got st\u00f6rre d\u00e4r alla bidrar till att skapa en trivsam och utvecklande vardag tillsammans.<\/p>\n\n\n\n<h3 class=\"wp-block-heading\">Hur besvarar och uppmuntrar du barnens nyfikenhet?<\/h3>\n\n\n\n<p>F\u00f6r mig handlar det mycket om att se varje barn och m\u00f6ta dem p\u00e5 deras niv\u00e5.&nbsp;Att vara en medforskare i deras l\u00e4rande, att utforska, uppt\u00e4cka och l\u00e4ra tillsammans med barnen. Genom att visa intresse och nyfikenhet f\u00f6r det barnen upplever och uppm\u00e4rksammar skapar man en trygg och inspirerande milj\u00f6 d\u00e4r barnens egna tankar och id\u00e9er f\u00e5r ta plats.<\/p>\n\n\n\n<h3 class=\"wp-block-heading\">Hur stimulerar och utmanar du barnen till utveckling och l\u00e4rande?<\/h3>\n\n\n\n<p>Jag tycker att det \u00e4r viktigt att skapa en undervisning med stor variation d\u00e4r barnen f\u00e5r m\u00f6jlighet att utforska och l\u00e4ra p\u00e5 olika m\u00e5nga olika s\u00e4tt. Genom att st\u00e4lla \u00f6ppna fr\u00e5gor och uppmuntra till utforskande lekar och aktiviteter v\u00e4cks barnens nyfikenhet och lust att l\u00e4ra. Det g\u00f6r att de f\u00e5r anv\u00e4nda sin fantasi, t\u00e4nka sj\u00e4lva och utveckla sina egna id\u00e9er, samtidigt som vi pedagoger finns d\u00e4r som st\u00f6d och v\u00e4gledning.<\/p>\n\n\n\n\t<style>\n\t\t.inner {\n\n\t\t\tmargin: 0 auto;\n\n\n\t\t}\n\t<\/style>\n\t<div\n\t\t class=\"container images-module\" >\n\t\t<div class=\"row images_module__slideshow\">\n\n\t\t\t<div\n\t\t\t\t\tclass=\"col-md-12 p-0 position-relative images_module__slideshow images_module__slideshow-container  \">\n\t\t\t\t<div class=\"images_module__slide\" data-slide=\"\"\n\t\t\t\t\t data-duration=\"\"><\/div>\n\t\t\t\t\t\t\t\t\t<div\n\t\t\t\t\t\t class=\"images_module__slides\n\n\t\t\t\t\t   \"\n\t\t\t\t\t>\n\n\t\t\t\t\t\t<div class=\"images__wrapper\" style=\"aspect-ratio: 851 \/ 851;\">\n\t\t\t\t\t\t\t<img decoding=\"async\" width=\"1920\" height=\"2560\" src=\"https:\/\/innovitaskolan.se\/wp-content\/uploads\/sites\/14\/2025\/11\/jl-scaled.jpeg\" class=\"images__image_ratio  \" alt=\"\" style=\"aspect-ratio: 851 \/ 851;object-position: center center;\" srcset=\"https:\/\/innovitaskolan.se\/wp-content\/uploads\/sites\/14\/2025\/11\/jl-scaled.jpeg 1920w, https:\/\/innovitaskolan.se\/wp-content\/uploads\/sites\/14\/2025\/11\/jl-300x400.jpeg 300w, https:\/\/innovitaskolan.se\/wp-content\/uploads\/sites\/14\/2025\/11\/jl-400x533.jpeg 400w, https:\/\/innovitaskolan.se\/wp-content\/uploads\/sites\/14\/2025\/11\/jl-600x800.jpeg 600w, https:\/\/innovitaskolan.se\/wp-content\/uploads\/sites\/14\/2025\/11\/jl-800x1067.jpeg 800w, https:\/\/innovitaskolan.se\/wp-content\/uploads\/sites\/14\/2025\/11\/jl-1024x1365.jpeg 1024w, https:\/\/innovitaskolan.se\/wp-content\/uploads\/sites\/14\/2025\/11\/jl-1200x1600.jpeg 1200w\" sizes=\"(max-width: 1920px) 100vw, 1920px\" \/>\t\t\t\t\t\t<\/div>\n\t\t\t\t\t\t\n\n\t\t\t\t\t\t\t\t\t\t\t<\/div>\n\t\t\t\t\n\t\t\t\t<div class=\"images_module__container_dot\">\n\t\t\t\t\t<div style=\"text-align:center\">\n\n\n\t\t\t\t\t\t\t\t\t\t\t\t\t<span   data-i=\"0\"\n\t\t\t\t\t\t\t\t  class=\"\n\t\t\t\t\t\t\timages_module__dot\n\t\t\t\t\t\t\t\t\t\t\t\t\t\t\"\n\t\t\t\t\t\t\t><\/span>\n\t\t\t\t\t\t\t\t\t\t\t<\/div>\n\t\t\t\t<\/div>\n\n\n\t\t\t<\/div>\n\t\t<\/div>\n\t<\/div>\n\n\t\n\n\n<script>\n\tvar images_display_descriptive_text = \"\";\n<\/script>\n\n\n\n<h2 class=\"wp-block-heading\"><em>Carola Ek \u2013 <\/em>L\u00e4rare p\u00e5 l\u00e5g- och mellanstadiet, Matematik, SO, NO<em> <\/em>och Svenska<\/h2>\n\n\n\n<h3 class=\"wp-block-heading\">Hur jobbar du med att v\u00e4cka nyfikenhet hos eleverna n\u00e4r du undervisar?<\/h3>\n\n\n\n<p>Jag v\u00e4cker elevernas nyfikenhet genom att b\u00f6rja lektionerna med n\u00e5got ov\u00e4ntat &#8211; ett ord p\u00e5 tavlan, en fr\u00e5ga, en bild &#8211; ett citat som v\u00e4cker tankar. Tillsammans unders\u00f6ker vi sedan vad det kan handla om. Oftast tillsammans i par d\u00e4r vi kan st\u00e4lla hypoteser som sedan leder oss in p\u00e5 lektionens tema. Genom att starta i det ok\u00e4nda blir l\u00e4randet sp\u00e4nnande och meningsfullt. Jag f\u00f6rs\u00f6ker ha s\u00e5 varierad undervisning som m\u00f6jligt under en lektion. Vi tar hj\u00e4lp av varandra och inspireras av varandra p\u00e5 m\u00e5nga olika s\u00e4tt. Eleverna blir nyfikna p\u00e5 varandras kunskaper och l\u00e4r sig tillsammans.<\/p>\n\n\n\n<h3 class=\"wp-block-heading\">Kan du ber\u00e4tta om en extra minnesv\u00e4rd stund p\u00e5 en lektion eller p\u00e5 skolan?<\/h3>\n\n\n\n<p>Det \u00e4r sv\u00e5rt att v\u00e4lja en enskild minnesv\u00e4rd stund, f\u00f6r det h\u00e4nder n\u00e5got varje dag som g\u00f6r mig glad och stolt som l\u00e4rare. Det kan vara n\u00e4r en elev pl\u00f6tsligt f\u00f6rst\u00e5r n\u00e5got som tidigare varit sv\u00e5rt, n\u00e4r n\u00e5gon elev r\u00e4cker upp handen f\u00f6r f\u00f6rsta g\u00e5ngen eller n\u00e4r de \u00e4ldre eleverna p\u00e5 skolan sj\u00e4lvmant hj\u00e4lper de yngre p\u00e5 rasten eller i korridoren.&nbsp; De sm\u00e5 \u00f6gonblicken av utveckling, omtanke och gl\u00e4dje \u00e4r det som g\u00f6r skoldagen minnesv\u00e4rd f\u00f6r mig.<\/p>\n\n\n\n<h3 class=\"wp-block-heading\">Finns det n\u00e5gon bok, film, podd eller serie som inspirerar dig i ditt yrke?<\/h3>\n\n\n\n<p>Jag inspireras mycket av Jennie Wilsons podd \u201cDet ringer in\u201d och hennes b\u00f6cker om kooperativt l\u00e4rande. Hon ger konkreta exempel kring hur man kan skapa en undervisning d\u00e4r alla elever k\u00e4nner sig delaktiga och viktiga. Det motiverar mig att arbeta p\u00e5 s\u00e4tt som st\u00e4rker gemenskapen i klassrummet och det g\u00f6r att varje elev f\u00e5r k\u00e4nna samh\u00f6righet och gl\u00e4dje i l\u00e4randet, b\u00e5de tillsammans med andra och enskilt.<\/p>\n\n\n\n<h3 class=\"wp-block-heading\">Hur skapar du struktur i undervisningen?<\/h3>\n\n\n\n<p>Jag skapar struktur i klassrummet genom tydlighet och f\u00f6ruts\u00e4gbarhet. Vi b\u00e5de startar och avslutar skoldagen p\u00e5 samma s\u00e4tt varje dag. Eleverna har sina fasta sittplatser intill sina viktiga axelkompisar, vilket skapar trygghet och fint samarbete. Undervisningen \u00e4r varierad men alltid kopplad till tydliga och synliga m\u00e5l. Jag g\u00e5r igenom lektionsuppl\u00e4gget i b\u00f6rjan av varje lektion s\u00e5 alla vet vad de ska g\u00f6ra, hur l\u00e4nge och vad som f\u00f6rv\u00e4ntas n\u00e4r de \u00e4r klara. Detta skapar fokus, arbetsro och delaktighet.<\/p>\n\n\n\n\t<style>\n\t\t.inner {\n\n\t\t\tmargin: 0 auto;\n\n\n\t\t}\n\t<\/style>\n\t<div\n\t\t class=\"container images-module\" >\n\t\t<div class=\"row images_module__slideshow\">\n\n\t\t\t<div\n\t\t\t\t\tclass=\"col-md-12 p-0 position-relative images_module__slideshow images_module__slideshow-container  \">\n\t\t\t\t<div class=\"images_module__slide\" data-slide=\"\"\n\t\t\t\t\t data-duration=\"\"><\/div>\n\t\t\t\t\t\t\t\t\t<div\n\t\t\t\t\t\t class=\"images_module__slides\n\n\t\t\t\t\t   \"\n\t\t\t\t\t>\n\n\t\t\t\t\t\t<div class=\"images__wrapper\" style=\"aspect-ratio: 851 \/ 851;\">\n\t\t\t\t\t\t\t<img decoding=\"async\" width=\"1920\" height=\"2560\" src=\"https:\/\/innovitaskolan.se\/wp-content\/uploads\/sites\/14\/2025\/11\/1000060324-1-scaled.jpg\" class=\"images__image_ratio  \" alt=\"\" style=\"aspect-ratio: 851 \/ 851;object-position: center center;\" srcset=\"https:\/\/innovitaskolan.se\/wp-content\/uploads\/sites\/14\/2025\/11\/1000060324-1-scaled.jpg 1920w, https:\/\/innovitaskolan.se\/wp-content\/uploads\/sites\/14\/2025\/11\/1000060324-1-300x400.jpg 300w, https:\/\/innovitaskolan.se\/wp-content\/uploads\/sites\/14\/2025\/11\/1000060324-1-400x533.jpg 400w, https:\/\/innovitaskolan.se\/wp-content\/uploads\/sites\/14\/2025\/11\/1000060324-1-600x800.jpg 600w, https:\/\/innovitaskolan.se\/wp-content\/uploads\/sites\/14\/2025\/11\/1000060324-1-800x1067.jpg 800w, https:\/\/innovitaskolan.se\/wp-content\/uploads\/sites\/14\/2025\/11\/1000060324-1-1024x1365.jpg 1024w, https:\/\/innovitaskolan.se\/wp-content\/uploads\/sites\/14\/2025\/11\/1000060324-1-1200x1600.jpg 1200w\" sizes=\"(max-width: 1920px) 100vw, 1920px\" \/>\t\t\t\t\t\t<\/div>\n\t\t\t\t\t\t\n\n\t\t\t\t\t\t\t\t\t\t\t<\/div>\n\t\t\t\t\n\t\t\t\t<div class=\"images_module__container_dot\">\n\t\t\t\t\t<div style=\"text-align:center\">\n\n\n\t\t\t\t\t\t\t\t\t\t\t\t\t<span   data-i=\"0\"\n\t\t\t\t\t\t\t\t  class=\"\n\t\t\t\t\t\t\timages_module__dot\n\t\t\t\t\t\t\t\t\t\t\t\t\t\t\"\n\t\t\t\t\t\t\t><\/span>\n\t\t\t\t\t\t\t\t\t\t\t<\/div>\n\t\t\t\t<\/div>\n\n\n\t\t\t<\/div>\n\t\t<\/div>\n\t<\/div>\n\n\t\n\n\n<script>\n\tvar images_display_descriptive_text = \"\";\n<\/script>\n\n\n\n<h2 class=\"wp-block-heading\"><em>Maria Vikstr\u00f6m \u2013 <\/em>L\u00e4rare p\u00e5 h\u00f6gstadiet, Musik<\/h2>\n\n\n\n<h3 class=\"wp-block-heading\">Vilken typ av uppgifter m\u00e4rker du skapar mest engagemang hos eleverna?<\/h3>\n\n\n\n<p>Jag upplever att eleverna blir mest engagerade n\u00e4r uppgifterna utg\u00e5r fr\u00e5n deras egna kunskaper och intressen. D\u00e5 k\u00e4nner de sig delaktiga och motiverade att l\u00e4ra sig mer.<\/p>\n\n\n\n<h3 class=\"wp-block-heading\">Hur uppmuntrar du eleverna till kreativitet och att t\u00e4nka i nya banor?<\/h3>\n\n\n\n<p>Eftersom musik\u00e4mnet i sig inbjuder till kreativitet, handlar mitt arbete fr\u00e4mst om att skapa f\u00f6ruts\u00e4ttningar f\u00f6r eleverna att utveckla och utmana sitt t\u00e4nkande. Jag g\u00f6r det genom att ge dem verktyg f\u00f6r att uttrycka sig p\u00e5 olika s\u00e4tt, visa exempel som inspirerar till nyt\u00e4nkande och uppmuntra dem att v\u00e5ga testa id\u00e9er utanf\u00f6r det f\u00f6rv\u00e4ntade. Jag f\u00f6rs\u00f6ker ocks\u00e5 bygga en trygg milj\u00f6 d\u00e4r eleverna k\u00e4nner att de kan experimentera fritt utan r\u00e4dsla f\u00f6r att misslyckas.<\/p>\n\n\n\n<h3 class=\"wp-block-heading\">N\u00e4r k\u00e4nner du som l\u00e4rare att du har lyckats?<\/h3>\n\n\n\n<p>F\u00f6r mig \u00e4r ett tecken p\u00e5 framg\u00e5ng som l\u00e4rare n\u00e4r det r\u00e5der gl\u00e4dje och delaktighet i klassrummet. N\u00e4r eleverna v\u00e5gar sjunga, spela och skapa utan r\u00e4dsla f\u00f6r att g\u00f6ra fel, visar det att de k\u00e4nner trygghet och motivation till l\u00e4rande. D\u00e5 k\u00e4nner jag att jag har lyckats skapa en milj\u00f6 d\u00e4r b\u00e5de musikaliskt och personligt v\u00e4xande f\u00e5r utrymme.<\/p>\n\n\n\n<h3 class=\"wp-block-heading\">Hur skapar du struktur i undervisningen?<\/h3>\n\n\n\n<p>F\u00f6r att skapa struktur i min undervisning utg\u00e5r jag fr\u00e5n ett \u00e5rshjul som fungerar som en tydlig planering \u00f6ver vad eleverna ska m\u00f6ta under l\u00e4s\u00e5ret. Det hj\u00e4lper mig att s\u00e4kerst\u00e4lla att alla elever f\u00e5r med sig r\u00e4tt kunskaper och att undervisningen f\u00f6ljer en r\u00f6d tr\u00e5d genom hela skolg\u00e5ngen. Eftersom jag undervisar i musik fr\u00e5n f\u00f6rskoleklass till \u00e5rskurs 9 kan jag bygga vidare p\u00e5 elevernas tidigare erfarenheter och skapa trygghet och kontinuitet.<\/p>\n\n\n\n\t<style>\n\t\t.inner {\n\n\t\t\tmargin: 0 auto;\n\n\n\t\t}\n\t<\/style>\n\t<div\n\t\t class=\"container images-module\" >\n\t\t<div class=\"row images_module__slideshow\">\n\n\t\t\t<div\n\t\t\t\t\tclass=\"col-md-12 p-0 position-relative images_module__slideshow images_module__slideshow-container  \">\n\t\t\t\t<div class=\"images_module__slide\" data-slide=\"\"\n\t\t\t\t\t data-duration=\"\"><\/div>\n\t\t\t\t\t\t\t\t\t<div\n\t\t\t\t\t\t class=\"images_module__slides\n\n\t\t\t\t\t   \"\n\t\t\t\t\t>\n\n\t\t\t\t\t\t<div class=\"images__wrapper\" style=\"aspect-ratio: 851 \/ 851;\">\n\t\t\t\t\t\t\t<img decoding=\"async\" width=\"2039\" height=\"2086\" src=\"https:\/\/innovitaskolan.se\/wp-content\/uploads\/sites\/14\/2025\/11\/img0455.jpg\" class=\"images__image_ratio  \" alt=\"Pedagog\" style=\"aspect-ratio: 851 \/ 851;object-position: center center;\" srcset=\"https:\/\/innovitaskolan.se\/wp-content\/uploads\/sites\/14\/2025\/11\/img0455.jpg 2039w, https:\/\/innovitaskolan.se\/wp-content\/uploads\/sites\/14\/2025\/11\/img0455-300x307.jpg 300w, https:\/\/innovitaskolan.se\/wp-content\/uploads\/sites\/14\/2025\/11\/img0455-400x409.jpg 400w, https:\/\/innovitaskolan.se\/wp-content\/uploads\/sites\/14\/2025\/11\/img0455-600x614.jpg 600w, https:\/\/innovitaskolan.se\/wp-content\/uploads\/sites\/14\/2025\/11\/img0455-800x818.jpg 800w, https:\/\/innovitaskolan.se\/wp-content\/uploads\/sites\/14\/2025\/11\/img0455-1024x1048.jpg 1024w, https:\/\/innovitaskolan.se\/wp-content\/uploads\/sites\/14\/2025\/11\/img0455-1200x1228.jpg 1200w\" sizes=\"(max-width: 2039px) 100vw, 2039px\" \/>\t\t\t\t\t\t<\/div>\n\t\t\t\t\t\t\n\n\t\t\t\t\t\t\t\t\t\t\t<\/div>\n\t\t\t\t\n\t\t\t\t<div class=\"images_module__container_dot\">\n\t\t\t\t\t<div style=\"text-align:center\">\n\n\n\t\t\t\t\t\t\t\t\t\t\t\t\t<span   data-i=\"0\"\n\t\t\t\t\t\t\t\t  class=\"\n\t\t\t\t\t\t\timages_module__dot\n\t\t\t\t\t\t\t\t\t\t\t\t\t\t\"\n\t\t\t\t\t\t\t><\/span>\n\t\t\t\t\t\t\t\t\t\t\t<\/div>\n\t\t\t\t<\/div>\n\n\n\t\t\t<\/div>\n\t\t<\/div>\n\t<\/div>\n\n\t\n\n\n<script>\n\tvar images_display_descriptive_text = \"\";\n<\/script>\n<\/div>\n\n\n\n<div class=\"wp-block-column is-layout-flow wp-block-column-is-layout-flow\" style=\"flex-basis:15%\"><\/div>\n<\/div>\n\n\n\n\n<section  class=\"ams-cta ams-cta--stacked c-block l-stacked\" data-color-scheme=\"beige\">\n\t<div class=\"l-container-narrow l-stack l-stack-fluid-2xl u-pt-fluid-md-xl u-pb-fluid-md-xl is-center is-center@md\">\n\t\t\t\t\t<div class=\"ams-cta__intro l-stack l-stack-lg\">\n\t\t\t\t\t\n\t<h3\n\tclass=\"c-heading u-font-title-1 \"\n\tstyle=\"\">\n\t\t\n\t\t\t\t\tVill du l\u00e4sa mer om v\u00e5rt pedagogiska koncept?\n\t\t\t\t\n\t<\/h3>\n\n\t\t\t\t\t\t\t<\/div>\n\t\t\n\t\t\n\t\t\t<div class=\"ams-cta__action u-inline-items\">\n\t\t\t\t\t\t\t\n\n\n<a href=\"https:\/\/innovitaskolan.se\/lulea\/pedagogiskt-koncept\/\"\n\t\n\tclass=\"c-btn \"\n\tdata-style=\"round\"\n\tdata-size=\"md\"\n\tdata-width=\"full-mobile\"\n\tdata-variant=\"default\"\n\ttarget=\"_self\">\n\t\t\t<span class=\"label\"> V\u00e5rt pedagogiska koncept<\/span>\n\t\t\t<\/a>\n\t\t\t<\/div>\n\t<\/div>\n\n\t\t\n\t\t\t\n\t\t\t\t\t\t\t\n\t\t\t\t<div class=\"c-bg c-bg--img\" data-settings=\"{&quot;desktop_settings&quot;:{&quot;size&quot;:&quot;auto&quot;,&quot;position&quot;:&quot;top-left&quot;},&quot;mobile_settings&quot;:{&quot;size&quot;:&quot;auto&quot;,&quot;position&quot;:&quot;top-left&quot;}}\" data-position=\"middle-center\" data-size=\"cover\">\n\t\t\t\n\t\t<\/div>\n\t\t\t\n\t\t\t\t\t\t\t\n\t\t\t\t<div class=\"c-bg c-bg--img\" data-settings=\"{&quot;desktop_settings&quot;:{&quot;size&quot;:&quot;auto&quot;,&quot;position&quot;:&quot;bottom-right&quot;},&quot;mobile_settings&quot;:{&quot;size&quot;:&quot;auto&quot;,&quot;position&quot;:&quot;bottom-right&quot;}}\" data-position=\"middle-center\" data-size=\"cover\">\n\t\t\t\n\t\t<\/div>\n\t\n<\/section>\n","protected":false},"template":"","article_category":[26],"yoast_head":"<!-- This site is optimized with the Yoast SEO plugin v22.0 - https:\/\/yoast.com\/wordpress\/plugins\/seo\/ -->\n<title>L\u00e4r k\u00e4nna v\u00e5ra pedagoger | Innovitaskolan Lule\u00e5<\/title>\n<meta name=\"description\" content=\"L\u00e4r k\u00e4nna v\u00e5ra pedagoger och l\u00e4rare p\u00e5 Innovitaskolan Lule\u00e5! Vad motiverar dem och hur uppmuntrar de till nyfikenhet och kreativitet?\" \/>\n<meta name=\"robots\" content=\"index, follow, max-snippet:-1, max-image-preview:large, max-video-preview:-1\" \/>\n<link rel=\"canonical\" href=\"https:\/\/innovitaskolan.se\/lulea\/artiklar\/pedagoger\/\" \/>\n<meta property=\"og:locale\" content=\"sv_SE\" \/>\n<meta property=\"og:type\" content=\"article\" \/>\n<meta property=\"og:title\" content=\"L\u00e4r k\u00e4nna v\u00e5ra pedagoger | Innovitaskolan Lule\u00e5\" \/>\n<meta property=\"og:description\" content=\"L\u00e4r k\u00e4nna v\u00e5ra pedagoger och l\u00e4rare p\u00e5 Innovitaskolan Lule\u00e5! Vad motiverar dem och hur uppmuntrar de till nyfikenhet och kreativitet?\" \/>\n<meta property=\"og:url\" content=\"https:\/\/innovitaskolan.se\/lulea\/artiklar\/pedagoger\/\" \/>\n<meta property=\"og:site_name\" content=\"Lule\u00e5\" \/>\n<meta property=\"article:modified_time\" content=\"2025-11-27T14:01:09+00:00\" \/>\n<meta name=\"twitter:card\" content=\"summary_large_image\" \/>\n<meta name=\"twitter:title\" content=\"L\u00e4r k\u00e4nna v\u00e5ra pedagoger | Innovitaskolan Lule\u00e5\" \/>\n<meta name=\"twitter:description\" content=\"L\u00e4r k\u00e4nna v\u00e5ra pedagoger och l\u00e4rare p\u00e5 Innovitaskolan Lule\u00e5! Vad motiverar dem och hur uppmuntrar de till nyfikenhet och kreativitet?\" \/>\n<meta name=\"twitter:image\" content=\"https:\/\/innovitaskolan.se\/wp-content\/uploads\/sites\/14\/2025\/11\/jl-1200x630.jpeg\" \/>\n<meta name=\"twitter:label1\" content=\"Ber\u00e4knad l\u00e4stid\" \/>\n\t<meta name=\"twitter:data1\" content=\"6 minuter\" \/>\n<script type=\"application\/ld+json\" class=\"yoast-schema-graph\">{\"@context\":\"https:\/\/schema.org\",\"@graph\":[{\"@type\":\"WebPage\",\"@id\":\"https:\/\/innovitaskolan.se\/lulea\/artiklar\/pedagoger\/\",\"url\":\"https:\/\/innovitaskolan.se\/lulea\/artiklar\/pedagoger\/\",\"name\":\"L\u00e4r k\u00e4nna v\u00e5ra pedagoger | Innovitaskolan Lule\u00e5\",\"isPartOf\":{\"@id\":\"https:\/\/innovitaskolan.se\/lulea\/#website\"},\"datePublished\":\"2025-11-27T14:01:08+00:00\",\"dateModified\":\"2025-11-27T14:01:09+00:00\",\"description\":\"L\u00e4r k\u00e4nna v\u00e5ra pedagoger och l\u00e4rare p\u00e5 Innovitaskolan Lule\u00e5! Vad motiverar dem och hur uppmuntrar de till nyfikenhet och kreativitet?\",\"breadcrumb\":{\"@id\":\"https:\/\/innovitaskolan.se\/lulea\/artiklar\/pedagoger\/#breadcrumb\"},\"inLanguage\":\"sv-SE\",\"potentialAction\":[{\"@type\":\"ReadAction\",\"target\":[\"https:\/\/innovitaskolan.se\/lulea\/artiklar\/pedagoger\/\"]}]},{\"@type\":\"BreadcrumbList\",\"@id\":\"https:\/\/innovitaskolan.se\/lulea\/artiklar\/pedagoger\/#breadcrumb\",\"itemListElement\":[{\"@type\":\"ListItem\",\"position\":1,\"name\":\"Start\",\"item\":\"https:\/\/innovitaskolan.se\/lulea\"},{\"@type\":\"ListItem\",\"position\":2,\"name\":\"Artiklar\"}]},{\"@type\":\"WebSite\",\"@id\":\"https:\/\/innovitaskolan.se\/lulea\/#website\",\"url\":\"https:\/\/innovitaskolan.se\/lulea\/\",\"name\":\"Lule\u00e5\",\"description\":\"En del av AcadeMedia\",\"potentialAction\":[{\"@type\":\"SearchAction\",\"target\":{\"@type\":\"EntryPoint\",\"urlTemplate\":\"https:\/\/innovitaskolan.se\/lulea\/?s={search_term_string}\"},\"query-input\":\"required name=search_term_string\"}],\"inLanguage\":\"sv-SE\"}]}<\/script>\n<!-- \/ Yoast SEO plugin. -->","yoast_head_json":{"title":"L\u00e4r k\u00e4nna v\u00e5ra pedagoger | Innovitaskolan Lule\u00e5","description":"L\u00e4r k\u00e4nna v\u00e5ra pedagoger och l\u00e4rare p\u00e5 Innovitaskolan Lule\u00e5! Vad motiverar dem och hur uppmuntrar de till nyfikenhet och kreativitet?","robots":{"index":"index","follow":"follow","max-snippet":"max-snippet:-1","max-image-preview":"max-image-preview:large","max-video-preview":"max-video-preview:-1"},"canonical":"https:\/\/innovitaskolan.se\/lulea\/artiklar\/pedagoger\/","og_locale":"sv_SE","og_type":"article","og_title":"L\u00e4r k\u00e4nna v\u00e5ra pedagoger | Innovitaskolan Lule\u00e5","og_description":"L\u00e4r k\u00e4nna v\u00e5ra pedagoger och l\u00e4rare p\u00e5 Innovitaskolan Lule\u00e5! Vad motiverar dem och hur uppmuntrar de till nyfikenhet och kreativitet?","og_url":"https:\/\/innovitaskolan.se\/lulea\/artiklar\/pedagoger\/","og_site_name":"Lule\u00e5","article_modified_time":"2025-11-27T14:01:09+00:00","twitter_card":"summary_large_image","twitter_title":"L\u00e4r k\u00e4nna v\u00e5ra pedagoger | Innovitaskolan Lule\u00e5","twitter_description":"L\u00e4r k\u00e4nna v\u00e5ra pedagoger och l\u00e4rare p\u00e5 Innovitaskolan Lule\u00e5! Vad motiverar dem och hur uppmuntrar de till nyfikenhet och kreativitet?","twitter_image":"https:\/\/innovitaskolan.se\/wp-content\/uploads\/sites\/14\/2025\/11\/jl-1200x630.jpeg","twitter_misc":{"Ber\u00e4knad l\u00e4stid":"6 minuter"},"schema":{"@context":"https:\/\/schema.org","@graph":[{"@type":"WebPage","@id":"https:\/\/innovitaskolan.se\/lulea\/artiklar\/pedagoger\/","url":"https:\/\/innovitaskolan.se\/lulea\/artiklar\/pedagoger\/","name":"L\u00e4r k\u00e4nna v\u00e5ra pedagoger | Innovitaskolan Lule\u00e5","isPartOf":{"@id":"https:\/\/innovitaskolan.se\/lulea\/#website"},"datePublished":"2025-11-27T14:01:08+00:00","dateModified":"2025-11-27T14:01:09+00:00","description":"L\u00e4r k\u00e4nna v\u00e5ra pedagoger och l\u00e4rare p\u00e5 Innovitaskolan Lule\u00e5! Vad motiverar dem och hur uppmuntrar de till nyfikenhet och kreativitet?","breadcrumb":{"@id":"https:\/\/innovitaskolan.se\/lulea\/artiklar\/pedagoger\/#breadcrumb"},"inLanguage":"sv-SE","potentialAction":[{"@type":"ReadAction","target":["https:\/\/innovitaskolan.se\/lulea\/artiklar\/pedagoger\/"]}]},{"@type":"BreadcrumbList","@id":"https:\/\/innovitaskolan.se\/lulea\/artiklar\/pedagoger\/#breadcrumb","itemListElement":[{"@type":"ListItem","position":1,"name":"Start","item":"https:\/\/innovitaskolan.se\/lulea"},{"@type":"ListItem","position":2,"name":"Artiklar"}]},{"@type":"WebSite","@id":"https:\/\/innovitaskolan.se\/lulea\/#website","url":"https:\/\/innovitaskolan.se\/lulea\/","name":"Lule\u00e5","description":"En del av AcadeMedia","potentialAction":[{"@type":"SearchAction","target":{"@type":"EntryPoint","urlTemplate":"https:\/\/innovitaskolan.se\/lulea\/?s={search_term_string}"},"query-input":"required name=search_term_string"}],"inLanguage":"sv-SE"}]}},"_links":{"self":[{"href":"https:\/\/innovitaskolan.se\/lulea\/wp-json\/wp\/v2\/article\/2144"}],"collection":[{"href":"https:\/\/innovitaskolan.se\/lulea\/wp-json\/wp\/v2\/article"}],"about":[{"href":"https:\/\/innovitaskolan.se\/lulea\/wp-json\/wp\/v2\/types\/article"}],"wp:attachment":[{"href":"https:\/\/innovitaskolan.se\/lulea\/wp-json\/wp\/v2\/media?parent=2144"}],"wp:term":[{"taxonomy":"article_category","embeddable":true,"href":"https:\/\/innovitaskolan.se\/lulea\/wp-json\/wp\/v2\/article_category?post=2144"}],"curies":[{"name":"wp","href":"https:\/\/api.w.org\/{rel}","templated":true}]}}