{"id":1767,"date":"2023-10-18T16:43:35","date_gmt":"2023-10-18T14:43:35","guid":{"rendered":"https:\/\/innovitaskolan.se\/lulea\/?post_type=article&#038;p=1767"},"modified":"2024-02-27T10:37:21","modified_gmt":"2024-02-27T09:37:21","slug":"intervju-med-rektor-paulina","status":"publish","type":"article","link":"https:\/\/innovitaskolan.se\/lulea\/artiklar\/intervju-med-rektor-paulina\/","title":{"rendered":"Intervju med rektor Paulina"},"content":{"rendered":"\t<div\n\t\t class=\"module_wrapper container-fluid images-module\" >\n\t\t<div class=\"row\">\n\t\t\t<div\n\t\t\t\t\tclass=\"col-12 m-0 p-0 position-relative images_module__slideshow images_module__slideshow-container module-expand \">\n\n\t\t\t\t<div class=\"images_module__slide \" data-slide=\"\"\n\t\t\t\t\t data-duration=\"\"><\/div>\n\t\t\t\t\t\t\t\t\t<div\n\t\t\t\t\t\t class=\"images_module__slides \">\n\n\n\t\t\t\t\t\t<div class=\"images__wrapper\"\n\t\t\t\t\t\t\t style=\"aspect-ratio: 1441 \/ 531;\">\n\t\t\t\t\t\t\t<img decoding=\"async\" width=\"1080\" height=\"1080\" src=\"https:\/\/innovitaskolan.se\/wp-content\/uploads\/sites\/14\/2023\/05\/innovitaskolan-skola-grundskola-lulea-202204.jpg\" class=\"images__image_ratio  \" alt=\"Tre elever p\u00e5 Innovitaskolan jobbar med en l\u00e4splatta.\" style=\"aspect-ratio: 1441 \/ 531;object-position: center center;\" srcset=\"https:\/\/innovitaskolan.se\/wp-content\/uploads\/sites\/14\/2023\/05\/innovitaskolan-skola-grundskola-lulea-202204.jpg 1080w, https:\/\/innovitaskolan.se\/wp-content\/uploads\/sites\/14\/2023\/05\/innovitaskolan-skola-grundskola-lulea-202204-150x150.jpg 150w, https:\/\/innovitaskolan.se\/wp-content\/uploads\/sites\/14\/2023\/05\/innovitaskolan-skola-grundskola-lulea-202204-300x300.jpg 300w, https:\/\/innovitaskolan.se\/wp-content\/uploads\/sites\/14\/2023\/05\/innovitaskolan-skola-grundskola-lulea-202204-400x400.jpg 400w, https:\/\/innovitaskolan.se\/wp-content\/uploads\/sites\/14\/2023\/05\/innovitaskolan-skola-grundskola-lulea-202204-600x600.jpg 600w, https:\/\/innovitaskolan.se\/wp-content\/uploads\/sites\/14\/2023\/05\/innovitaskolan-skola-grundskola-lulea-202204-800x800.jpg 800w, https:\/\/innovitaskolan.se\/wp-content\/uploads\/sites\/14\/2023\/05\/innovitaskolan-skola-grundskola-lulea-202204-1024x1024.jpg 1024w\" sizes=\"(max-width: 1080px) 100vw, 1080px\" \/>\t\t\t\t\t\t<\/div>\n\n\t\t\t\t\t\t\n\t\t\t\t\t\t\t\t\t\t\t<\/div>\n\t\t\t\t\n\t\t\t\t<div class=\"images_module__container_dot \">\n\t\t\t\t\t<div style=\"text-align:center\">\n\t\t\t\t\t\t\t\t\t\t\t\t\t<span   data-i=\"0\"\n\t\t\t\t\t\t\t\t  class=\"images_module__dot\n\t\t\t\t\t\t\t\t\t\t\t\t\t  \"><\/span>\n\t\t\t\t\t\t\t\t\t\t\t<\/div>\n\t\t\t\t<\/div>\n\n\t\t\t<\/div>\n\t\t<\/div>\n\t<\/div>\n\n\n\t\n\n\n<script>\n\tvar images_display_descriptive_text = \"\";\n<\/script>\n\n\n\n<div class=\"wp-block-columns is-layout-flex wp-container-core-columns-layout-1 wp-block-columns-is-layout-flex\">\n<div class=\"wp-block-column is-layout-flow wp-block-column-is-layout-flow\">\n<h1 class=\"wp-block-heading\">S\u00e4g hej till rektor Paulina!<\/h1>\n\n\n\n<p   class=\"site__ingress container text-left  site__text-color--dark  site__free_text--ingress p-0\">\n\t\u201cEn bra skolg\u00e5ng bygger p\u00e5 ett samspel mellan l\u00e4rare och elever\u201d. Det tycker Paulina Lindstr\u00f6m, rektor p\u00e5 Innovitaskolan Lule\u00e5. H\u00e4r delar hon med sig av sitt perspektiv p\u00e5 vad som \u00e4r avg\u00f6rande f\u00f6r en givande skolupplevelse, samt ger en n\u00e4rmare inblick i skolan och sitt engagemang som rektor.<\/p>\n\n\n\n\n\n<h2 class=\"wp-block-heading\">Vad tycker du \u00e4r viktigast f\u00f6r att skapa en bra skolg\u00e5ng?<\/h2>\n\n\n\n<p>En god skolg\u00e5ng bygger p\u00e5 att vi i skolan skapar en trygg milj\u00f6 d\u00e4r eleverna f\u00e5r m\u00f6jlighet att uppt\u00e4cka och l\u00e4ra sig med hj\u00e4lp av en undervisning som tar h\u00e4nsyn till olika behov och f\u00f6ruts\u00e4ttningar. Det viktigaste \u00e4r att barn i skolan f\u00e5r k\u00e4nna att de lyckas och att det \u00e4r okej att misslyckas, det \u00e4r en del av l\u00e4randet. En bra skolg\u00e5ng bygger p\u00e5 ett samspel mellan l\u00e4rare och elever d\u00e4r respekt, lyh\u00f6rdhet och f\u00f6rtroende \u00e4r grundsten f\u00f6r att n\u00e5 olika m\u00e5l och f\u00e4rdigheter.<\/p>\n\n\n\n<h2 class=\"wp-block-heading\">Varf\u00f6r best\u00e4mde du dig f\u00f6r att bli rektor?<\/h2>\n\n\n\n<p>Jag trivs av att jobba i skolans v\u00e4rld f\u00f6r att det \u00e4r bland det b\u00e4sta som finns att se barn och ungdomar f\u00e5 utvecklas. Den st\u00f6rsta drivkraften \u00e4r att skapa en positiv och inkluderande arbetsplats och att bidra med min energi och ledarskapsf\u00f6rm\u00e5ga. N\u00e4r jag fick fr\u00e5gan att g\u00e5 in som rektor p\u00e5 Innovitaskolan blev jag v\u00e4ldigt glad och samtidigt sp\u00e4nd p\u00e5 att f\u00e5 m\u00f6ta nya utmaningar.<\/p>\n\n\n\n<h2 class=\"wp-block-heading\">N\u00e4r k\u00e4nner du dig som mest stolt \u00f6ver att vara rektor?<\/h2>\n\n\n\n<p>Jag k\u00e4nner mig stolt n\u00e4r jag ser elever och l\u00e4rare som tar hand om varandra och ger varandra omt\u00e4nksamhet. Generellt kan vi ibland ta saker f\u00f6r givet i vardagen, men att h\u00e4r p\u00e5 Innovitaskolan finns det s\u00e5 mycket skapargl\u00e4dje och positiva handlingar som g\u00f6r att jag som rektor blir stolt varje dag p\u00e5 jobbet.<\/p>\n<\/div>\n\n\n\n<div class=\"wp-block-column is-layout-flow wp-block-column-is-layout-flow\">\n\t<style>\n\t\t.inner {\n\n\t\t\tmargin: 0 auto;\n\n\n\t\t}\n\t<\/style>\n\t<div\n\t\t class=\"container images-module\" >\n\t\t<div class=\"row images_module__slideshow\">\n\n\t\t\t<div\n\t\t\t\t\tclass=\"col-md-12 p-0 position-relative images_module__slideshow images_module__slideshow-container  \">\n\t\t\t\t<div class=\"images_module__slide\" data-slide=\"\"\n\t\t\t\t\t data-duration=\"\"><\/div>\n\t\t\t\t\t\t\t\t\t<div\n\t\t\t\t\t\t class=\"images_module__slides\n\n\t\t\t\t\t   \"\n\t\t\t\t\t>\n\n\t\t\t\t\t\t<div class=\"images__wrapper\" style=\"aspect-ratio: 851 \/ 851;\">\n\t\t\t\t\t\t\t<img decoding=\"async\" width=\"400\" height=\"600\" src=\"https:\/\/innovitaskolan.se\/wp-content\/uploads\/sites\/14\/2023\/10\/paulina-lindstrom-profilbild.jpg\" class=\"images__image_ratio   images-module-image-mask image-module-mask-medium-shape4 \" alt=\"Personportr\u00e4tt\" style=\"aspect-ratio: 851 \/ 851;object-position: center center;\" srcset=\"https:\/\/innovitaskolan.se\/wp-content\/uploads\/sites\/14\/2023\/10\/paulina-lindstrom-profilbild.jpg 400w, https:\/\/innovitaskolan.se\/wp-content\/uploads\/sites\/14\/2023\/10\/paulina-lindstrom-profilbild-300x450.jpg 300w\" sizes=\"(max-width: 400px) 100vw, 400px\" \/>\t\t\t\t\t\t<\/div>\n\t\t\t\t\t\t\n\n\t\t\t\t\t\t\t\t\t\t\t<\/div>\n\t\t\t\t\n\t\t\t\t<div class=\"images_module__container_dot\">\n\t\t\t\t\t<div style=\"text-align:center\">\n\n\n\t\t\t\t\t\t\t\t\t\t\t\t\t<span   data-i=\"0\"\n\t\t\t\t\t\t\t\t  class=\"\n\t\t\t\t\t\t\timages_module__dot\n\t\t\t\t\t\t\t\t\t\t\t\t\t\t\"\n\t\t\t\t\t\t\t><\/span>\n\t\t\t\t\t\t\t\t\t\t\t<\/div>\n\t\t\t\t<\/div>\n\n\n\t\t\t<\/div>\n\t\t<\/div>\n\t<\/div>\n\n\t\n\n\n<script>\n\tvar images_display_descriptive_text = \"\";\n<\/script>\n\n\n\n<h2 class=\"wp-block-heading\">Vad \u00e4r ditt b\u00e4sta tips till v\u00e5rdnadshavare inf\u00f6r skolvalet?<\/h2>\n\n\n\n<p>V\u00e4lj en skola med en profil som matchar din och ditt barns intressen och v\u00e4rdegrund. Det \u00e4r bra att bes\u00f6ka verksamheters \u00f6ppna hus f\u00f6r att se lokaler, prata med personal och barn som g\u00e5r p\u00e5 skolan eller f\u00f6rskolan. \u00c4r ni intresserade av oss p\u00e5 Innovitaskolan kan ni alltid <a href=\"https:\/\/innovitaskolan.se\/lulea\/besok\/\">boka in en visning<\/a> s\u00e5 kan vi ge er ett smakprov p\u00e5 v\u00e5r verksamhet med en rundvandring.<\/p>\n\n\n\n<h2 class=\"wp-block-heading\">Hur kan man b\u00e4st beskriva Innovitaskolan Lule\u00e5?<\/h2>\n\n\n\n<p>Vi \u00e4r en skola som brinner f\u00f6r skapande och kreativitet d\u00e4r v\u00e5ra elever f\u00e5r utmanas i kunskaper som de kan m\u00f6ta i framtiden, i det samh\u00e4llet vi lever i. H\u00e4r p\u00e5 v\u00e5r skola finns en r\u00f6d tr\u00e5d hela v\u00e4gen fr\u00e5n f\u00f6rskolan upp till \u00e5rskurs 9, och i alla \u00e5rskurser finns det nya utmaningar och m\u00e5l. Vi arbetar med en gemensam m\u00e5lbild att vara framst\u00e5ende i pedagogik som lockar till entrepren\u00f6rskap, experiment och h\u00e4lsobringande kunskaper f\u00f6r alla elever. H\u00e4r jobbar engagerade pedagoger med god kompetens som lyfter, st\u00f6ttar och ger elever m\u00f6jligheter att uppt\u00e4cka nya kunskaper.<\/p>\n<\/div>\n<\/div>\n","protected":false},"template":"","article_category":[26],"yoast_head":"<!-- This site is optimized with the Yoast SEO plugin v22.0 - https:\/\/yoast.com\/wordpress\/plugins\/seo\/ -->\n<title>Intervju med rektor Paulina - Innovitaskolan Lule\u00e5<\/title>\n<meta name=\"description\" content=\"Rektor Paulina delar med sig av vad som \u00e4r avg\u00f6rande f\u00f6r en givande skolupplevelse, samt ger en n\u00e4rmare inblick i skolan.\" \/>\n<meta name=\"robots\" content=\"index, follow, max-snippet:-1, max-image-preview:large, max-video-preview:-1\" \/>\n<link rel=\"canonical\" href=\"https:\/\/innovitaskolan.se\/lulea\/artiklar\/intervju-med-rektor-paulina\/\" \/>\n<meta property=\"og:locale\" content=\"sv_SE\" \/>\n<meta property=\"og:type\" content=\"article\" \/>\n<meta property=\"og:title\" content=\"Intervju med rektor Paulina - Innovitaskolan Lule\u00e5\" \/>\n<meta property=\"og:description\" content=\"Rektor Paulina delar med sig av vad som \u00e4r avg\u00f6rande f\u00f6r en givande skolupplevelse, samt ger en n\u00e4rmare inblick i skolan.\" \/>\n<meta property=\"og:url\" content=\"https:\/\/innovitaskolan.se\/lulea\/artiklar\/intervju-med-rektor-paulina\/\" \/>\n<meta property=\"og:site_name\" content=\"Lule\u00e5\" \/>\n<meta property=\"article:modified_time\" content=\"2024-02-27T09:37:21+00:00\" \/>\n<meta name=\"twitter:card\" content=\"summary_large_image\" \/>\n<meta name=\"twitter:title\" content=\"Intervju med rektor Paulina - Innovitaskolan Lule\u00e5\" \/>\n<meta name=\"twitter:description\" content=\"Rektor Paulina delar med sig av vad som \u00e4r avg\u00f6rande f\u00f6r en givande skolupplevelse, samt ger en n\u00e4rmare inblick i skolan.\" \/>\n<meta name=\"twitter:image\" content=\"https:\/\/innovitaskolan.se\/wp-content\/uploads\/sites\/14\/2023\/05\/innovitaskolan-skola-grundskola-lulea-202204-1080x630.jpg\" \/>\n<meta name=\"twitter:label1\" content=\"Ber\u00e4knad l\u00e4stid\" \/>\n\t<meta name=\"twitter:data1\" content=\"3 minuter\" \/>\n<script type=\"application\/ld+json\" class=\"yoast-schema-graph\">{\"@context\":\"https:\/\/schema.org\",\"@graph\":[{\"@type\":\"WebPage\",\"@id\":\"https:\/\/innovitaskolan.se\/lulea\/artiklar\/intervju-med-rektor-paulina\/\",\"url\":\"https:\/\/innovitaskolan.se\/lulea\/artiklar\/intervju-med-rektor-paulina\/\",\"name\":\"Intervju med rektor Paulina - Innovitaskolan Lule\u00e5\",\"isPartOf\":{\"@id\":\"https:\/\/innovitaskolan.se\/lulea\/#website\"},\"datePublished\":\"2023-10-18T14:43:35+00:00\",\"dateModified\":\"2024-02-27T09:37:21+00:00\",\"description\":\"Rektor Paulina delar med sig av vad som \u00e4r avg\u00f6rande f\u00f6r en givande skolupplevelse, samt ger en n\u00e4rmare inblick i skolan.\",\"breadcrumb\":{\"@id\":\"https:\/\/innovitaskolan.se\/lulea\/artiklar\/intervju-med-rektor-paulina\/#breadcrumb\"},\"inLanguage\":\"sv-SE\",\"potentialAction\":[{\"@type\":\"ReadAction\",\"target\":[\"https:\/\/innovitaskolan.se\/lulea\/artiklar\/intervju-med-rektor-paulina\/\"]}]},{\"@type\":\"BreadcrumbList\",\"@id\":\"https:\/\/innovitaskolan.se\/lulea\/artiklar\/intervju-med-rektor-paulina\/#breadcrumb\",\"itemListElement\":[{\"@type\":\"ListItem\",\"position\":1,\"name\":\"Start\",\"item\":\"https:\/\/innovitaskolan.se\/lulea\"},{\"@type\":\"ListItem\",\"position\":2,\"name\":\"Artiklar\"}]},{\"@type\":\"WebSite\",\"@id\":\"https:\/\/innovitaskolan.se\/lulea\/#website\",\"url\":\"https:\/\/innovitaskolan.se\/lulea\/\",\"name\":\"Lule\u00e5\",\"description\":\"En del av AcadeMedia\",\"potentialAction\":[{\"@type\":\"SearchAction\",\"target\":{\"@type\":\"EntryPoint\",\"urlTemplate\":\"https:\/\/innovitaskolan.se\/lulea\/?s={search_term_string}\"},\"query-input\":\"required name=search_term_string\"}],\"inLanguage\":\"sv-SE\"}]}<\/script>\n<!-- \/ Yoast SEO plugin. -->","yoast_head_json":{"title":"Intervju med rektor Paulina - Innovitaskolan Lule\u00e5","description":"Rektor Paulina delar med sig av vad som \u00e4r avg\u00f6rande f\u00f6r en givande skolupplevelse, samt ger en n\u00e4rmare inblick i skolan.","robots":{"index":"index","follow":"follow","max-snippet":"max-snippet:-1","max-image-preview":"max-image-preview:large","max-video-preview":"max-video-preview:-1"},"canonical":"https:\/\/innovitaskolan.se\/lulea\/artiklar\/intervju-med-rektor-paulina\/","og_locale":"sv_SE","og_type":"article","og_title":"Intervju med rektor Paulina - Innovitaskolan Lule\u00e5","og_description":"Rektor Paulina delar med sig av vad som \u00e4r avg\u00f6rande f\u00f6r en givande skolupplevelse, samt ger en n\u00e4rmare inblick i skolan.","og_url":"https:\/\/innovitaskolan.se\/lulea\/artiklar\/intervju-med-rektor-paulina\/","og_site_name":"Lule\u00e5","article_modified_time":"2024-02-27T09:37:21+00:00","twitter_card":"summary_large_image","twitter_title":"Intervju med rektor Paulina - Innovitaskolan Lule\u00e5","twitter_description":"Rektor Paulina delar med sig av vad som \u00e4r avg\u00f6rande f\u00f6r en givande skolupplevelse, samt ger en n\u00e4rmare inblick i skolan.","twitter_image":"https:\/\/innovitaskolan.se\/wp-content\/uploads\/sites\/14\/2023\/05\/innovitaskolan-skola-grundskola-lulea-202204-1080x630.jpg","twitter_misc":{"Ber\u00e4knad l\u00e4stid":"3 minuter"},"schema":{"@context":"https:\/\/schema.org","@graph":[{"@type":"WebPage","@id":"https:\/\/innovitaskolan.se\/lulea\/artiklar\/intervju-med-rektor-paulina\/","url":"https:\/\/innovitaskolan.se\/lulea\/artiklar\/intervju-med-rektor-paulina\/","name":"Intervju med rektor Paulina - Innovitaskolan Lule\u00e5","isPartOf":{"@id":"https:\/\/innovitaskolan.se\/lulea\/#website"},"datePublished":"2023-10-18T14:43:35+00:00","dateModified":"2024-02-27T09:37:21+00:00","description":"Rektor Paulina delar med sig av vad som \u00e4r avg\u00f6rande f\u00f6r en givande skolupplevelse, samt ger en n\u00e4rmare inblick i skolan.","breadcrumb":{"@id":"https:\/\/innovitaskolan.se\/lulea\/artiklar\/intervju-med-rektor-paulina\/#breadcrumb"},"inLanguage":"sv-SE","potentialAction":[{"@type":"ReadAction","target":["https:\/\/innovitaskolan.se\/lulea\/artiklar\/intervju-med-rektor-paulina\/"]}]},{"@type":"BreadcrumbList","@id":"https:\/\/innovitaskolan.se\/lulea\/artiklar\/intervju-med-rektor-paulina\/#breadcrumb","itemListElement":[{"@type":"ListItem","position":1,"name":"Start","item":"https:\/\/innovitaskolan.se\/lulea"},{"@type":"ListItem","position":2,"name":"Artiklar"}]},{"@type":"WebSite","@id":"https:\/\/innovitaskolan.se\/lulea\/#website","url":"https:\/\/innovitaskolan.se\/lulea\/","name":"Lule\u00e5","description":"En del av AcadeMedia","potentialAction":[{"@type":"SearchAction","target":{"@type":"EntryPoint","urlTemplate":"https:\/\/innovitaskolan.se\/lulea\/?s={search_term_string}"},"query-input":"required name=search_term_string"}],"inLanguage":"sv-SE"}]}},"_links":{"self":[{"href":"https:\/\/innovitaskolan.se\/lulea\/wp-json\/wp\/v2\/article\/1767"}],"collection":[{"href":"https:\/\/innovitaskolan.se\/lulea\/wp-json\/wp\/v2\/article"}],"about":[{"href":"https:\/\/innovitaskolan.se\/lulea\/wp-json\/wp\/v2\/types\/article"}],"wp:attachment":[{"href":"https:\/\/innovitaskolan.se\/lulea\/wp-json\/wp\/v2\/media?parent=1767"}],"wp:term":[{"taxonomy":"article_category","embeddable":true,"href":"https:\/\/innovitaskolan.se\/lulea\/wp-json\/wp\/v2\/article_category?post=1767"}],"curies":[{"name":"wp","href":"https:\/\/api.w.org\/{rel}","templated":true}]}}