{"id":2116,"date":"2025-11-27T14:55:01","date_gmt":"2025-11-27T13:55:01","guid":{"rendered":"https:\/\/innovitaskolan.se\/karlskrona\/?post_type=article&#038;p=2116"},"modified":"2025-12-11T16:16:05","modified_gmt":"2025-12-11T15:16:05","slug":"pedagoger","status":"publish","type":"article","link":"https:\/\/innovitaskolan.se\/karlskrona\/artiklar\/pedagoger\/","title":{"rendered":"Pedagoger"},"content":{"rendered":"\n<div class=\"wp-block-columns is-layout-flex wp-container-core-columns-layout-1 wp-block-columns-is-layout-flex\">\n<div class=\"wp-block-column is-layout-flow wp-block-column-is-layout-flow\" style=\"flex-basis:15%\"><\/div>\n\n\n\n<div class=\"wp-block-column is-layout-flow wp-block-column-is-layout-flow\" style=\"flex-basis:70%\">\n<h1 class=\"wp-block-heading\">S\u00e4g hej till n\u00e5gra av v\u00e5ra pedagoger<\/h1>\n\n\n\n<p   class=\"site__ingress container text-left  site__text-color--dark  site__free_text--ingress p-0\">\n\tL\u00e4r k\u00e4nna v\u00e5ra pedagoger och l\u00e4rare lite b\u00e4ttre! Vad motiverar dem mest och hur uppmuntrar de till nyfikenhet och kreativitet? <\/p>\n\n\n<\/div>\n\n\n\n<div class=\"wp-block-column is-layout-flow wp-block-column-is-layout-flow\" style=\"flex-basis:15%\"><\/div>\n<\/div>\n\n\n\n\t\n\t\n\t\n\n\t\n\t\n\t\t\n<section  class=\"c-block l-stacked  \" data-color-scheme=\"\">\n\t<div class=\"ams-fifty ams-fifty--container ams-fifty--right ams-fifty--bottom l-container u-pt-fluid-md-xl u-pb-fluid-md-xl\">\n\t\t<div class=\"ams-fifty__content l-stack l-stack-xl is-left is-left@lg\">\n\t\t\t<div class=\"ams-fifty__text l-stack l-stack-lg\">\n\t\t\t\t\t\n\t<h2\n\tclass=\"c-heading u-font-title-1 \"\n\tstyle=\"\">\n\t\t\n\t\t\t\t\t\t\t\t\tTherese Ovesson\n\t\t\t\t<span class=\"c-heading__sub is-below u-font-title-3\">\n\t\t\t\t\tL\u00e4rare i f\u00f6rskoleklass till \u00e5k 1\n\t\t\t\t<\/span>\n\t\t\t\t\t\t\t\n\t<\/h2>\n\n\t\t\t\t\t\t\t\t\t<div class=\"text l-stack u-font-body\">\n\t\t\t\t\t\t<h3 class=\"site__h-tag-3  wp-block-heading\">Hur jobbar du med att v\u00e4cka nyfikenhet hos eleverna n\u00e4r du undervisar?<\/h3>\n<p>Jag v\u00e4cker nyfikenhet genom att ta vara p\u00e5 barnens fr\u00e5gor och fantasi. Jag vill att de ska k\u00e4nna gl\u00e4dje i att undra och uppt\u00e4cka. Jag l\u00e5ter barnen utforska, testa och resonera tillsammans. F\u00f6r mig handlar nyfikenhet om att v\u00e5ga fr\u00e5ga, prova och k\u00e4nna att l\u00e4randet \u00e4r ett \u00e4ventyr vi upplever tillsammans.<\/p>\n<h3 class=\"site__h-tag-3  wp-block-heading\">Kan du ber\u00e4tta om en extra minnesv\u00e4rd stund p\u00e5 en lektion eller p\u00e5 skolan?<\/h3>\n<p>Vi hade en sifferjakt p\u00e5 skolg\u00e5rden. Barnen fick kort med siffror och skulle hitta lika m\u00e5nga kottar, pinnar eller stenar. Snart b\u00f6rjade de j\u00e4mf\u00f6ra m\u00e4ngder och hj\u00e4lpte varandra r\u00e4kna. Gl\u00e4djen var stor n\u00e4r de ins\u00e5g att siffror faktiskt finns \u00f6verallt omkring oss.<\/p>\n<h3 class=\"site__h-tag-3  wp-block-heading\">Finns det n\u00e5gon bok, film, podd eller serie som inspirerar dig i ditt yrke?<\/h3>\n<p>&#8221;Det ringer in&#8221; \u00e4r en podd som ger inspiration genom konkreta tips, ber\u00e4ttelser fr\u00e5n verkliga klassrum och intervjuer med erfarna l\u00e4rare. Den f\u00e5r mig att reflektera, hitta nya id\u00e9er och k\u00e4nna nyfikenhet och gl\u00e4dje i mitt arbete som l\u00e4rare.<\/p>\n<h3 class=\"site__h-tag-3  wp-block-heading\">Hur skapar du struktur i undervisningen?<\/h3>\n<p>Jag skapar struktur p\u00e5 lektionerna genom att alltid ha en tydlig plan och m\u00e5l som eleverna f\u00e5r ta del av i b\u00f6rjan av lektionen. Vi g\u00e5r igenom dagen, arbetar i tydliga steg och avslutar med en gemensam reflektion. P\u00e5 s\u00e5 s\u00e4tt vet eleverna vad som f\u00f6rv\u00e4ntas, vilket skapar trygghet och ger utrymme f\u00f6r l\u00e4rande.<\/p>\n\n\t\t\t\t\t<\/div>\n\t\t\t\t\t\t\t<\/div>\n\n\t\t\t\t\t<\/div>\n\n\t\t <div class=\"ams-fifty__media u-ratio-portrait\">\n\t\t \t\t\t\t\t<img decoding=\"async\" width=\"600\" height=\"681\" src=\"https:\/\/innovitaskolan.se\/wp-content\/uploads\/sites\/12\/2025\/10\/therese-1-600x681.png\" class=\"attachment-md size-md\" alt=\"Pedagog som ler in i kameran.\" sizes=\"(min-width: 64em) 600px, calc(100vw - 160px)\" srcset=\"https:\/\/innovitaskolan.se\/wp-content\/uploads\/sites\/12\/2025\/10\/therese-1-600x681.png 600w, https:\/\/innovitaskolan.se\/wp-content\/uploads\/sites\/12\/2025\/10\/therese-1-300x340.png 300w, https:\/\/innovitaskolan.se\/wp-content\/uploads\/sites\/12\/2025\/10\/therese-1-400x454.png 400w, https:\/\/innovitaskolan.se\/wp-content\/uploads\/sites\/12\/2025\/10\/therese-1-800x907.png 800w, https:\/\/innovitaskolan.se\/wp-content\/uploads\/sites\/12\/2025\/10\/therese-1.png 864w\" \/>\n\t\t\t\n\t\t\t\n\t\t\t\t\t<\/div>\n\t<\/div>\n\n\t\t\n\n<\/section>\n\n\n\n\t\n\t\n\t\n\n\t\n\t\n\t\t\n<section  class=\"c-block l-stacked  \" data-color-scheme=\"\">\n\t<div class=\"ams-fifty ams-fifty--container ams-fifty--left ams-fifty--bottom l-container u-pt-fluid-md-xl u-pb-fluid-md-xl\">\n\t\t<div class=\"ams-fifty__content l-stack l-stack-xl is-left is-left@lg\">\n\t\t\t<div class=\"ams-fifty__text l-stack l-stack-lg\">\n\t\t\t\t\t\n\t<h2\n\tclass=\"c-heading u-font-title-1 \"\n\tstyle=\"\">\n\t\t\n\t\t\t\t\t\t\t\t\tIda Bengtsson\n\t\t\t\t<span class=\"c-heading__sub is-below u-font-title-3\">\n\t\t\t\t\tL\u00e4rare i \u00e5rskurs 2-3\n\t\t\t\t<\/span>\n\t\t\t\t\t\t\t\n\t<\/h2>\n\n\t\t\t\t\t\t\t\t\t<div class=\"text l-stack u-font-body\">\n\t\t\t\t\t\t<h3 class=\"site__h-tag-3  wp-block-heading\">Hur jobbar du med att v\u00e4cka nyfikenhet hos eleverna n\u00e4r du undervisar?<\/h3>\n<p>Jag f\u00f6rs\u00f6ker v\u00e4cka nyfikenhet hos eleverna genom att koppla inneh\u00e5llet till<br \/>\nderas egna erfarenheter och intressen. Jag anv\u00e4nder ocks\u00e5 varierade arbetss\u00e4tt \u2013 till exempel experiment, diskussioner, digitala verktyg \u2013 f\u00f6r att skapa engagemang.<\/p>\n<h3 class=\"site__h-tag-3  wp-block-heading\">Kan du ber\u00e4tta om en extra minnesv\u00e4rd stund p\u00e5 en lektion eller p\u00e5 skolan?<\/h3>\n<p>En g\u00e5ng under en matematiklektion diskuterade vi br\u00e5k, och en elev sa sk\u00e4mtsamt: \u201cJag gillar inte br\u00e5k \u2013 jag vill ha fred!\u201d Hela klassen skrattade,<br \/>\noch vi anv\u00e4nde det som startpunkt f\u00f6r att prata om varf\u00f6r ord kan betyda olika saker beroende p\u00e5 sammanhang. Det blev en lektion full av skratt men ocks\u00e5 mycket spr\u00e5kmedvetenhet.<\/p>\n<h3 class=\"site__h-tag-3  wp-block-heading\">Finns det n\u00e5gon bok, film, podd eller serie som inspirerar dig i ditt yrke?<\/h3>\n<p>En bok som inspirerar mig i mitt yrke \u00e4r \u201dL\u00e4rande och utveckling\u201d av Illeris. Den hj\u00e4lper mig att f\u00f6rst\u00e5 hur elever l\u00e4r sig p\u00e5 olika s\u00e4tt och hur jag som l\u00e4rare kan skapa meningsfulla l\u00e4randesituationer. Jag blir p\u00e5mind om att undervisning inte bara handlar om kunskap, utan ocks\u00e5 om motivation och relationer.<\/p>\n<h3 class=\"site__h-tag-3  wp-block-heading\">Hur skapar du struktur i undervisningen?<\/h3>\n<p>Jag skapar struktur i undervisningen genom att vara tydlig med m\u00e5l, ramar och f\u00f6rv\u00e4ntningar. Varje lektion har en start och en aktiv arbetsfas. Jag visar alltid dagens schema p\u00e5 tavlan. Jag anv\u00e4nder \u00e5terkommande rutiner vilket skapar trygghet och f\u00f6ruts\u00e4gbarhet f\u00f6r eleverna \u2013 s\u00e4rskilt f\u00f6r dem som beh\u00f6ver extra st\u00f6d.<\/p>\n\n\t\t\t\t\t<\/div>\n\t\t\t\t\t\t\t<\/div>\n\n\t\t\t\t\t<\/div>\n\n\t\t <div class=\"ams-fifty__media u-ratio-portrait\">\n\t\t \t\t\t\t\t<img decoding=\"async\" width=\"600\" height=\"730\" src=\"https:\/\/innovitaskolan.se\/wp-content\/uploads\/sites\/12\/2025\/10\/ida-600x730.png\" class=\"attachment-md size-md\" alt=\"\" sizes=\"(min-width: 64em) 600px, calc(100vw - 160px)\" srcset=\"https:\/\/innovitaskolan.se\/wp-content\/uploads\/sites\/12\/2025\/10\/ida-600x730.png 600w, https:\/\/innovitaskolan.se\/wp-content\/uploads\/sites\/12\/2025\/10\/ida-300x365.png 300w, https:\/\/innovitaskolan.se\/wp-content\/uploads\/sites\/12\/2025\/10\/ida-400x486.png 400w, https:\/\/innovitaskolan.se\/wp-content\/uploads\/sites\/12\/2025\/10\/ida.png 773w\" \/>\n\t\t\t\n\t\t\t\n\t\t\t\t\t<\/div>\n\t<\/div>\n\n\t\t\n\n<\/section>\n\n\n\n\t\n\t\n\t\n\n\t\n\t\n\t\t\n<section  class=\"c-block l-stacked  \" data-color-scheme=\"\">\n\t<div class=\"ams-fifty ams-fifty--container ams-fifty--right ams-fifty--bottom l-container u-pt-fluid-md-xl u-pb-fluid-md-xl\">\n\t\t<div class=\"ams-fifty__content l-stack l-stack-xl is-left is-left@lg\">\n\t\t\t<div class=\"ams-fifty__text l-stack l-stack-lg\">\n\t\t\t\t\t\n\t<h2\n\tclass=\"c-heading u-font-title-1 \"\n\tstyle=\"\">\n\t\t\n\t\t\t\t\t\t\t\t\tEmilia Wretstr\u00f6m\n\t\t\t\t<span class=\"c-heading__sub is-below u-font-title-3\">\n\t\t\t\t\tL\u00e4rare p\u00e5 h\u00f6gstadiet\n\t\t\t\t<\/span>\n\t\t\t\t\t\t\t\n\t<\/h2>\n\n\t\t\t\t\t\t\t\t\t<div class=\"text l-stack u-font-body\">\n\t\t\t\t\t\t<h3 class=\"site__h-tag-3  wp-block-heading\">Vilken typ av uppgifter m\u00e4rker du skapar mest engagemang hos eleverna?<\/h3>\n<p>Uppgifter som eleverna \u00e4r med och utformar v\u00e4cker engagemang. Mina klasser i engelska har med hj\u00e4lp av AI utformat muntliga \u00f6vningar som vi sedan anv\u00e4nder. Resultatet har blivit j\u00e4ttebra! Roliga, varierande \u00f6vningar samt peppade och nyfikna elever som undrar vems \u00f6vning de ska f\u00e5 g\u00f6ra idag.<\/p>\n<h3 class=\"site__h-tag-3  wp-block-heading\">Hur uppmuntrar du eleverna till kreativitet och att t\u00e4nka i nya banor?<\/h3>\n<p>Att t\u00e4nka nytt \u00e4r sv\u00e5rt f\u00f6r m\u00e5nga elever. Det finns en r\u00e4dsla f\u00f6r att \u201cg\u00f6ra fel\u201d, vilket jag i min l\u00e4rarroll m\u00e5ste st\u00e4vja genom att skapa ett till\u00e5tande klassrum d\u00e4r det finns nyfikenhet och sv\u00e4ngrum. Jag tycker att elevernas kreativitet kan komma fram i skrivuppgifter, speciellt om de f\u00e5tt valm\u00f6jligheter och kan hitta n\u00e5got att skriva om som de k\u00e4nner passar dem, som de k\u00e4nner sig trygga med. Det \u00e4r ocks\u00e5 l\u00e4ttare f\u00f6r m\u00e5nga att v\u00e5ga lite mer i en tyst skrivuppgift.<\/p>\n<h3 class=\"site__h-tag-3  wp-block-heading\">N\u00e4r k\u00e4nner du som l\u00e4rare att du har lyckats?<\/h3>\n<p>Det \u00e4r ju fantastiskt att se en elev som l\u00e4nge k\u00e4mpat f\u00f6r att n\u00e5 sitt m\u00e5l, \u00e4ntligen n\u00e5 det. Jag tycker ocks\u00e5 det \u00e4r lite kul n\u00e4r jag kan \u00f6vertr\u00e4ffa elevernas f\u00f6rv\u00e4ntningar, som n\u00e4r de tycker att den d\u00e4r novellen eller \u00f6vningen \u201cfaktiskt p\u00e5 riktigt var bra!\u201d.<\/p>\n<h3 class=\"site__h-tag-3  wp-block-heading\">Hur skapar du struktur i undervisningen?<\/h3>\n<p>Dels genom tydliga regler f\u00f6r att skapa trygghet och arbetsro, dels genom ett v\u00e4ldesignat arbetsomr\u00e5de. Redan fr\u00e5n start pratar vi om vad m\u00e5let \u00e4r och hur vi ska n\u00e5 dit. Jag har en levande planering som f\u00f6r\u00e4ndras i takt med att vi jobbar mot m\u00e5let. Struktur \u00e4r viktigt, men s\u00e5 \u00e4r \u00e4ven flexibilitet inom strukturen. Jag tycker ocks\u00e5 det \u00e4r viktigt att utv\u00e4rdera, s\u00e5 att jag f\u00e5r feedback p\u00e5 det vi gjort, och kan utveckla och f\u00f6rb\u00e4ttra.<\/p>\n\n\t\t\t\t\t<\/div>\n\t\t\t\t\t\t\t<\/div>\n\n\t\t\t\t\t<\/div>\n\n\t\t <div class=\"ams-fifty__media u-ratio-portrait\">\n\t\t \t\t\t\t\t<img decoding=\"async\" width=\"600\" height=\"714\" src=\"https:\/\/innovitaskolan.se\/wp-content\/uploads\/sites\/12\/2025\/10\/emilia-600x714.png\" class=\"attachment-md size-md\" alt=\"\" sizes=\"(min-width: 64em) 600px, calc(100vw - 160px)\" srcset=\"https:\/\/innovitaskolan.se\/wp-content\/uploads\/sites\/12\/2025\/10\/emilia-600x714.png 600w, https:\/\/innovitaskolan.se\/wp-content\/uploads\/sites\/12\/2025\/10\/emilia-300x357.png 300w, https:\/\/innovitaskolan.se\/wp-content\/uploads\/sites\/12\/2025\/10\/emilia-400x476.png 400w, https:\/\/innovitaskolan.se\/wp-content\/uploads\/sites\/12\/2025\/10\/emilia-800x952.png 800w, https:\/\/innovitaskolan.se\/wp-content\/uploads\/sites\/12\/2025\/10\/emilia.png 861w\" \/>\n\t\t\t\n\t\t\t\n\t\t\t\t\t<\/div>\n\t<\/div>\n\n\t\t\n\n<\/section>\n\n\n\n\n<section  class=\"ams-cta ams-cta--stacked c-block l-stacked\" data-color-scheme=\"beige\">\n\t<div class=\"l-container-narrow l-stack l-stack-fluid-2xl u-pt-fluid-md-xl u-pb-fluid-md-xl is-center is-center@md\">\n\t\t\t\t\t<div class=\"ams-cta__intro l-stack l-stack-lg\">\n\t\t\t\t\t\n\t<h3\n\tclass=\"c-heading u-font-title-1 \"\n\tstyle=\"\">\n\t\t\n\t\t\t\t\tVill du l\u00e4sa mer om v\u00e5rt pedagogiska koncept?\n\t\t\t\t\n\t<\/h3>\n\n\t\t\t\t\t\t\t<\/div>\n\t\t\n\t\t\n\t\t\t<div class=\"ams-cta__action u-inline-items\">\n\t\t\t\t\t\t\t\n\n\n<a href=\"https:\/\/innovitaskolan.se\/karlskrona\/pedagogiskt-koncept\/\"\n\t\n\tclass=\"c-btn \"\n\tdata-style=\"round\"\n\tdata-size=\"md\"\n\tdata-width=\"full-mobile\"\n\tdata-variant=\"default\"\n\ttarget=\"_self\">\n\t\t\t<span class=\"label\"> V\u00e5rt pedagogiska koncept<\/span>\n\t\t\t<\/a>\n\t\t\t<\/div>\n\t<\/div>\n\n\t\t\n\t\t\t\n\t\t\t\t\t\t\t\n\t\t\t\t<div class=\"c-bg c-bg--img\" data-settings=\"{&quot;desktop_settings&quot;:{&quot;size&quot;:&quot;auto&quot;,&quot;position&quot;:&quot;top-left&quot;},&quot;mobile_settings&quot;:{&quot;size&quot;:&quot;auto&quot;,&quot;position&quot;:&quot;top-left&quot;}}\" data-position=\"middle-center\" data-size=\"cover\">\n\t\t\t\n\t\t<\/div>\n\t\t\t\n\t\t\t\t\t\t\t\n\t\t\t\t<div class=\"c-bg c-bg--img\" data-settings=\"{&quot;desktop_settings&quot;:{&quot;size&quot;:&quot;auto&quot;,&quot;position&quot;:&quot;bottom-right&quot;},&quot;mobile_settings&quot;:{&quot;size&quot;:&quot;auto&quot;,&quot;position&quot;:&quot;bottom-right&quot;}}\" data-position=\"middle-center\" data-size=\"cover\">\n\t\t\t\n\t\t<\/div>\n\t\n<\/section>\n","protected":false},"template":"","article_category":[26],"yoast_head":"<!-- This site is optimized with the Yoast SEO plugin v22.0 - https:\/\/yoast.com\/wordpress\/plugins\/seo\/ -->\n<title>L\u00e4r k\u00e4nna v\u00e5ra pedagoger | Innovitaskolan Karlskrona<\/title>\n<meta name=\"description\" content=\"L\u00e4r k\u00e4nna v\u00e5ra pedagoger och l\u00e4rare p\u00e5 Innovitaskolan Karlskrona! Vad motiverar dem och hur uppmuntrar de till nyfikenhet och kreativitet?\" \/>\n<meta name=\"robots\" content=\"index, follow, max-snippet:-1, max-image-preview:large, max-video-preview:-1\" \/>\n<link rel=\"canonical\" href=\"https:\/\/innovitaskolan.se\/karlskrona\/artiklar\/pedagoger\/\" \/>\n<meta property=\"og:locale\" content=\"sv_SE\" \/>\n<meta property=\"og:type\" content=\"article\" \/>\n<meta property=\"og:title\" content=\"L\u00e4r k\u00e4nna v\u00e5ra pedagoger | Innovitaskolan Karlskrona\" \/>\n<meta property=\"og:description\" content=\"L\u00e4r k\u00e4nna v\u00e5ra pedagoger och l\u00e4rare p\u00e5 Innovitaskolan Karlskrona! Vad motiverar dem och hur uppmuntrar de till nyfikenhet och kreativitet?\" \/>\n<meta property=\"og:url\" content=\"https:\/\/innovitaskolan.se\/karlskrona\/artiklar\/pedagoger\/\" \/>\n<meta property=\"og:site_name\" content=\"Karlskrona\" \/>\n<meta property=\"article:modified_time\" content=\"2025-12-11T15:16:05+00:00\" \/>\n<meta name=\"twitter:card\" content=\"summary_large_image\" \/>\n<meta name=\"twitter:title\" content=\"L\u00e4r k\u00e4nna v\u00e5ra pedagoger | Innovitaskolan Karlskrona\" \/>\n<meta name=\"twitter:description\" content=\"L\u00e4r k\u00e4nna v\u00e5ra pedagoger och l\u00e4rare p\u00e5 Innovitaskolan Karlskrona! Vad motiverar dem och hur uppmuntrar de till nyfikenhet och kreativitet?\" \/>\n<meta name=\"twitter:label1\" content=\"Ber\u00e4knad l\u00e4stid\" \/>\n\t<meta name=\"twitter:data1\" content=\"5 minuter\" \/>\n<script type=\"application\/ld+json\" class=\"yoast-schema-graph\">{\"@context\":\"https:\/\/schema.org\",\"@graph\":[{\"@type\":\"WebPage\",\"@id\":\"https:\/\/innovitaskolan.se\/karlskrona\/artiklar\/pedagoger\/\",\"url\":\"https:\/\/innovitaskolan.se\/karlskrona\/artiklar\/pedagoger\/\",\"name\":\"L\u00e4r k\u00e4nna v\u00e5ra pedagoger | Innovitaskolan Karlskrona\",\"isPartOf\":{\"@id\":\"https:\/\/innovitaskolan.se\/karlskrona\/#website\"},\"datePublished\":\"2025-11-27T13:55:01+00:00\",\"dateModified\":\"2025-12-11T15:16:05+00:00\",\"description\":\"L\u00e4r k\u00e4nna v\u00e5ra pedagoger och l\u00e4rare p\u00e5 Innovitaskolan Karlskrona! Vad motiverar dem och hur uppmuntrar de till nyfikenhet och kreativitet?\",\"breadcrumb\":{\"@id\":\"https:\/\/innovitaskolan.se\/karlskrona\/artiklar\/pedagoger\/#breadcrumb\"},\"inLanguage\":\"sv-SE\",\"potentialAction\":[{\"@type\":\"ReadAction\",\"target\":[\"https:\/\/innovitaskolan.se\/karlskrona\/artiklar\/pedagoger\/\"]}]},{\"@type\":\"BreadcrumbList\",\"@id\":\"https:\/\/innovitaskolan.se\/karlskrona\/artiklar\/pedagoger\/#breadcrumb\",\"itemListElement\":[{\"@type\":\"ListItem\",\"position\":1,\"name\":\"Start\",\"item\":\"https:\/\/innovitaskolan.se\/karlskrona\"},{\"@type\":\"ListItem\",\"position\":2,\"name\":\"Artiklar\"}]},{\"@type\":\"WebSite\",\"@id\":\"https:\/\/innovitaskolan.se\/karlskrona\/#website\",\"url\":\"https:\/\/innovitaskolan.se\/karlskrona\/\",\"name\":\"Karlskrona\",\"description\":\"En del av AcadeMedia\",\"potentialAction\":[{\"@type\":\"SearchAction\",\"target\":{\"@type\":\"EntryPoint\",\"urlTemplate\":\"https:\/\/innovitaskolan.se\/karlskrona\/?s={search_term_string}\"},\"query-input\":\"required name=search_term_string\"}],\"inLanguage\":\"sv-SE\"}]}<\/script>\n<!-- \/ Yoast SEO plugin. -->","yoast_head_json":{"title":"L\u00e4r k\u00e4nna v\u00e5ra pedagoger | Innovitaskolan Karlskrona","description":"L\u00e4r k\u00e4nna v\u00e5ra pedagoger och l\u00e4rare p\u00e5 Innovitaskolan Karlskrona! Vad motiverar dem och hur uppmuntrar de till nyfikenhet och kreativitet?","robots":{"index":"index","follow":"follow","max-snippet":"max-snippet:-1","max-image-preview":"max-image-preview:large","max-video-preview":"max-video-preview:-1"},"canonical":"https:\/\/innovitaskolan.se\/karlskrona\/artiklar\/pedagoger\/","og_locale":"sv_SE","og_type":"article","og_title":"L\u00e4r k\u00e4nna v\u00e5ra pedagoger | Innovitaskolan Karlskrona","og_description":"L\u00e4r k\u00e4nna v\u00e5ra pedagoger och l\u00e4rare p\u00e5 Innovitaskolan Karlskrona! Vad motiverar dem och hur uppmuntrar de till nyfikenhet och kreativitet?","og_url":"https:\/\/innovitaskolan.se\/karlskrona\/artiklar\/pedagoger\/","og_site_name":"Karlskrona","article_modified_time":"2025-12-11T15:16:05+00:00","twitter_card":"summary_large_image","twitter_title":"L\u00e4r k\u00e4nna v\u00e5ra pedagoger | Innovitaskolan Karlskrona","twitter_description":"L\u00e4r k\u00e4nna v\u00e5ra pedagoger och l\u00e4rare p\u00e5 Innovitaskolan Karlskrona! Vad motiverar dem och hur uppmuntrar de till nyfikenhet och kreativitet?","twitter_misc":{"Ber\u00e4knad l\u00e4stid":"5 minuter"},"schema":{"@context":"https:\/\/schema.org","@graph":[{"@type":"WebPage","@id":"https:\/\/innovitaskolan.se\/karlskrona\/artiklar\/pedagoger\/","url":"https:\/\/innovitaskolan.se\/karlskrona\/artiklar\/pedagoger\/","name":"L\u00e4r k\u00e4nna v\u00e5ra pedagoger | Innovitaskolan Karlskrona","isPartOf":{"@id":"https:\/\/innovitaskolan.se\/karlskrona\/#website"},"datePublished":"2025-11-27T13:55:01+00:00","dateModified":"2025-12-11T15:16:05+00:00","description":"L\u00e4r k\u00e4nna v\u00e5ra pedagoger och l\u00e4rare p\u00e5 Innovitaskolan Karlskrona! Vad motiverar dem och hur uppmuntrar de till nyfikenhet och kreativitet?","breadcrumb":{"@id":"https:\/\/innovitaskolan.se\/karlskrona\/artiklar\/pedagoger\/#breadcrumb"},"inLanguage":"sv-SE","potentialAction":[{"@type":"ReadAction","target":["https:\/\/innovitaskolan.se\/karlskrona\/artiklar\/pedagoger\/"]}]},{"@type":"BreadcrumbList","@id":"https:\/\/innovitaskolan.se\/karlskrona\/artiklar\/pedagoger\/#breadcrumb","itemListElement":[{"@type":"ListItem","position":1,"name":"Start","item":"https:\/\/innovitaskolan.se\/karlskrona"},{"@type":"ListItem","position":2,"name":"Artiklar"}]},{"@type":"WebSite","@id":"https:\/\/innovitaskolan.se\/karlskrona\/#website","url":"https:\/\/innovitaskolan.se\/karlskrona\/","name":"Karlskrona","description":"En del av AcadeMedia","potentialAction":[{"@type":"SearchAction","target":{"@type":"EntryPoint","urlTemplate":"https:\/\/innovitaskolan.se\/karlskrona\/?s={search_term_string}"},"query-input":"required name=search_term_string"}],"inLanguage":"sv-SE"}]}},"_links":{"self":[{"href":"https:\/\/innovitaskolan.se\/karlskrona\/wp-json\/wp\/v2\/article\/2116"}],"collection":[{"href":"https:\/\/innovitaskolan.se\/karlskrona\/wp-json\/wp\/v2\/article"}],"about":[{"href":"https:\/\/innovitaskolan.se\/karlskrona\/wp-json\/wp\/v2\/types\/article"}],"wp:attachment":[{"href":"https:\/\/innovitaskolan.se\/karlskrona\/wp-json\/wp\/v2\/media?parent=2116"}],"wp:term":[{"taxonomy":"article_category","embeddable":true,"href":"https:\/\/innovitaskolan.se\/karlskrona\/wp-json\/wp\/v2\/article_category?post=2116"}],"curies":[{"name":"wp","href":"https:\/\/api.w.org\/{rel}","templated":true}]}}