{"id":2092,"date":"2025-11-27T14:53:02","date_gmt":"2025-11-27T13:53:02","guid":{"rendered":"https:\/\/innovitaskolan.se\/kalix\/?post_type=article&#038;p=2092"},"modified":"2025-11-27T14:53:03","modified_gmt":"2025-11-27T13:53:03","slug":"pedagoger","status":"publish","type":"article","link":"https:\/\/innovitaskolan.se\/kalix\/artiklar\/pedagoger\/","title":{"rendered":"Pedagoger"},"content":{"rendered":"\n<div class=\"wp-block-columns is-layout-flex wp-container-core-columns-layout-1 wp-block-columns-is-layout-flex\">\n<div class=\"wp-block-column is-layout-flow wp-block-column-is-layout-flow\" style=\"flex-basis:15%\"><\/div>\n\n\n\n<div class=\"wp-block-column is-layout-flow wp-block-column-is-layout-flow\" style=\"flex-basis:70%\">\n<h1 class=\"wp-block-heading\">S\u00e4g hej till n\u00e5gra av v\u00e5ra pedagoger<\/h1>\n\n\n\n<p   class=\"site__ingress container text-left  site__text-color--dark  site__free_text--ingress p-0\">\n\tL\u00e4r k\u00e4nna v\u00e5ra pedagoger och l\u00e4rare lite b\u00e4ttre! Vad motiverar dem mest och hur uppmuntrar de till nyfikenhet och kreativitet? <\/p>\n\n\n\n\n\n<h2 class=\"wp-block-heading\"><em>Johanna \u00c5hl<\/em> \u2013 Pedagog p\u00e5 f\u00f6rskolan<\/h2>\n\n\n\n<h3 class=\"wp-block-heading\">Vad tycker du \u00e4r det roligaste med att g\u00e5 till jobbet?<\/h3>\n\n\n\n<p>Det roligaste med att g\u00e5 till jobbet \u00e4r s\u00e5klart barnen, m\u00f6tet med varje individ. Att skapa relationer med varje barn, f\u00e5 vara en del av deras nyfikenhet, lyssna till deras tankar och funderingar och f\u00e5 ta del av deras gl\u00e4dje. P\u00e5 jobbet ges jag m\u00f6jlighet att f\u00f6lja varje barn i sin utveckling fram\u00e5t och se dem v\u00e4xa som individer.<\/p>\n\n\n\n<h3 class=\"wp-block-heading\">Vad \u00e4r du extra stolt \u00f6ver p\u00e5 er f\u00f6rskola?<\/h3>\n\n\n\n<p>Jag \u00e4r extra stolt \u00f6ver den pedagogiska l\u00e4rmilj\u00f6n vi erbjuder barnen i f\u00f6rskolan. En milj\u00f6 som \u00e4r st\u00e4ndigt levande och f\u00f6r\u00e4ndras tillsammans med barnen utifr\u00e5n deras visade intresse och nyfikenhet. En milj\u00f6 som bjuder in till ett gemensamt utforskande tillsammans med barnen d\u00e4r de ges utrymme att anv\u00e4nda sin fantasi och kreativitet.<\/p>\n\n\n\n<h3 class=\"wp-block-heading\">Hur besvarar och uppmuntrar du barnens nyfikenhet?<\/h3>\n\n\n\n<p>Genom att fr\u00e4mja leken och jobba med ett lekbaserat l\u00e4rande fr\u00e4mjas barnens nyfikenhet och kreativa tankeg\u00e5ngar. Jag uppmuntrar deras nyfikenhet genom att erbjuda olika milj\u00f6er och inte alltid ge ett direkt svar p\u00e5 deras fr\u00e5ga, utan uppmuntrar dem att sj\u00e4lva utforska vidare tillsammans med mig som pedagog. P\u00e5 s\u00e5 s\u00e4tt k\u00e4nner barnen att deras tankar tas p\u00e5 allvar och deras nyfikenhet leder till l\u00e4rande.<\/p>\n\n\n\n<h3 class=\"wp-block-heading\">Hur skapar ni en trygg vuxenn\u00e4rvaro p\u00e5 er skola?<\/h3>\n\n\n\n<p>F\u00f6r mig handlar trygg vuxenn\u00e4rvaro om att varje barn skall k\u00e4nna sig sedd, h\u00f6rd och betydelsefull varje dag. Vi arbetar medvetet med att skapa n\u00e4ra relationer genom att vara n\u00e4rvarande i barnens lek, samtal och vardagssituationer. Jag ser ett v\u00e4rde i att dela in barngruppen i mindre grupper f\u00f6r att \u00f6ka m\u00f6jligheten till n\u00e4rhet och lugn. Det ger oss som pedagoger m\u00f6jlighet att lyssna in barnen och f\u00e5nga upp deras behov, tankar och k\u00e4nslor. Ett gemensamt f\u00f6rh\u00e5llningss\u00e4tt \u00e4r viktigt och skapar trygghet f\u00f6r barnen.<\/p>\n\n\n\n\t<style>\n\t\t.inner {\n\n\t\t\tmargin: 0 auto;\n\n\n\t\t}\n\t<\/style>\n\t<div\n\t\t class=\"container images-module\" >\n\t\t<div class=\"row images_module__slideshow\">\n\n\t\t\t<div\n\t\t\t\t\tclass=\"col-md-12 p-0 position-relative images_module__slideshow images_module__slideshow-container  \">\n\t\t\t\t<div class=\"images_module__slide\" data-slide=\"\"\n\t\t\t\t\t data-duration=\"\"><\/div>\n\t\t\t\t\t\t\t\t\t<div\n\t\t\t\t\t\t class=\"images_module__slides\n\n\t\t\t\t\t   \"\n\t\t\t\t\t>\n\n\t\t\t\t\t\t<div class=\"images__wrapper\" style=\"aspect-ratio: 851 \/ 851;\">\n\t\t\t\t\t\t\t<img decoding=\"async\" width=\"602\" height=\"803\" src=\"https:\/\/innovitaskolan.se\/wp-content\/uploads\/sites\/10\/2025\/11\/ja.jpg\" class=\"images__image_ratio  \" alt=\"\" style=\"aspect-ratio: 851 \/ 851;object-position: center center;\" srcset=\"https:\/\/innovitaskolan.se\/wp-content\/uploads\/sites\/10\/2025\/11\/ja.jpg 602w, https:\/\/innovitaskolan.se\/wp-content\/uploads\/sites\/10\/2025\/11\/ja-300x400.jpg 300w, https:\/\/innovitaskolan.se\/wp-content\/uploads\/sites\/10\/2025\/11\/ja-400x534.jpg 400w, https:\/\/innovitaskolan.se\/wp-content\/uploads\/sites\/10\/2025\/11\/ja-600x800.jpg 600w\" sizes=\"(max-width: 602px) 100vw, 602px\" \/>\t\t\t\t\t\t<\/div>\n\t\t\t\t\t\t\n\n\t\t\t\t\t\t\t\t\t\t\t<\/div>\n\t\t\t\t\n\t\t\t\t<div class=\"images_module__container_dot\">\n\t\t\t\t\t<div style=\"text-align:center\">\n\n\n\t\t\t\t\t\t\t\t\t\t\t\t\t<span   data-i=\"0\"\n\t\t\t\t\t\t\t\t  class=\"\n\t\t\t\t\t\t\timages_module__dot\n\t\t\t\t\t\t\t\t\t\t\t\t\t\t\"\n\t\t\t\t\t\t\t><\/span>\n\t\t\t\t\t\t\t\t\t\t\t<\/div>\n\t\t\t\t<\/div>\n\n\n\t\t\t<\/div>\n\t\t<\/div>\n\t<\/div>\n\n\t\n\n\n<script>\n\tvar images_display_descriptive_text = \"\";\n<\/script>\n\n\n\n<h2 class=\"wp-block-heading\"><em>Anna Bergman<\/em> \u2013 L\u00e4rare p\u00e5 mellanstadiet, Matematik, NO och SO <\/h2>\n\n\n\n<h3 class=\"wp-block-heading\">Hur jobbar du med att v\u00e4cka nyfikenhet hos eleverna n\u00e4r du undervisar?<\/h3>\n\n\n\n<p>F\u00f6r att v\u00e4cka nyfikenhet hos eleverna f\u00f6rs\u00f6ker jag skapa en levande undervisning d\u00e4r de f\u00e5r diskutera, utforska, t\u00e4nka fritt och ha roligt varvat med ett mer traditionellt l\u00e4rande. Jag m\u00e4rker att eleverna blir extra engagerade n\u00e4r vi kopplar undervisningen till n\u00e5got de k\u00e4nner igen \u2013 som spel, filmer eller aktuella h\u00e4ndelser. Jag anv\u00e4nder g\u00e4rna digitala verktyg som t.ex. quiz, spel eller sm\u00e5 filmer f\u00f6r att v\u00e4cka intresse. Ibland b\u00f6rjar vi ett arbetsomr\u00e5de med en klurig fr\u00e5ga eller ett litet mysterium \u2013 det brukar f\u00e5 ig\u00e5ng b\u00e5de skratt och tankar! Jag vill att varje elev ska k\u00e4nna: &#8221;Det h\u00e4r vill jag veta mer om!&#8221;<\/p>\n\n\n\n<h3 class=\"wp-block-heading\">Kan du ber\u00e4tta om en extra minnesv\u00e4rd stund p\u00e5 en lektion eller p\u00e5 skolan?<\/h3>\n\n\n\n<p>Jag m\u00e5ste \u00e4nd\u00e5 s\u00e4ga att se en elev kn\u00e4cka l\u00e4skoden \u00e4r n\u00e5got alldeles s\u00e4rskilt. Fr\u00e5n att ha k\u00e4mpat med bokst\u00e4verna till att pl\u00f6tsligt l\u00e4ra sig se &#8211; och f\u00f6rst\u00e5 hur de tillsammans bildar ord. Det syns i deras blick att n\u00e5got lossnar, och det g\u00f6r mig stolt som l\u00e4rare.<\/p>\n\n\n\n<h3 class=\"wp-block-heading\">Finns det n\u00e5gon bok, film, podd eller serie som inspirerar dig i ditt yrke?<\/h3>\n\n\n\n<p>Jag gillar podden \u201cRinger in \u2013 en podd om l\u00e4rande\u201d. Den kombinerar forskning, erfarenhet och skolvardag p\u00e5 ett inspirerande s\u00e4tt. Podden tar upp verkliga utmaningar i yrket och kopplar dem till forskning om l\u00e4rande, motivation och ledarskap, vilket ger nya perspektiv till undervisningen.<\/p>\n\n\n\n<h3 class=\"wp-block-heading\">Hur arbetar ni med att bygga goda relationer p\u00e5 skolan?<\/h3>\n\n\n\n<p>Vi arbetar aktivt med att bygga trygga och personliga relationer till eleverna. Genom gemensamma aktiviteter, mentorskap, rastv\u00e4rdar och tydlig klassrumsstruktur skapar vi en milj\u00f6 d\u00e4r varje elev blir sedd. Jag str\u00e4var efter att vara n\u00e4rvarande och lyh\u00f6rd, och skapa en positiv st\u00e4mning i klassrummet. N\u00e4r elever k\u00e4nner sig trygga och delaktiga v\u00e4xer b\u00e5de l\u00e4randet och gemenskapen.<\/p>\n\n\n\n\t<style>\n\t\t.inner {\n\n\t\t\tmargin: 0 auto;\n\n\n\t\t}\n\t<\/style>\n\t<div\n\t\t class=\"container images-module\" >\n\t\t<div class=\"row images_module__slideshow\">\n\n\t\t\t<div\n\t\t\t\t\tclass=\"col-md-12 p-0 position-relative images_module__slideshow images_module__slideshow-container  \">\n\t\t\t\t<div class=\"images_module__slide\" data-slide=\"\"\n\t\t\t\t\t data-duration=\"\"><\/div>\n\t\t\t\t\t\t\t\t\t<div\n\t\t\t\t\t\t class=\"images_module__slides\n\n\t\t\t\t\t   \"\n\t\t\t\t\t>\n\n\t\t\t\t\t\t<div class=\"images__wrapper\" style=\"aspect-ratio: 851 \/ 851;\">\n\t\t\t\t\t\t\t<img decoding=\"async\" width=\"300\" height=\"431\" src=\"https:\/\/innovitaskolan.se\/wp-content\/uploads\/sites\/10\/2025\/11\/ab-e1762433025835.jpg\" class=\"images__image_ratio  \" alt=\"\" style=\"aspect-ratio: 851 \/ 851;object-position: center center;\" \/>\t\t\t\t\t\t<\/div>\n\t\t\t\t\t\t\n\n\t\t\t\t\t\t\t\t\t\t\t<\/div>\n\t\t\t\t\n\t\t\t\t<div class=\"images_module__container_dot\">\n\t\t\t\t\t<div style=\"text-align:center\">\n\n\n\t\t\t\t\t\t\t\t\t\t\t\t\t<span   data-i=\"0\"\n\t\t\t\t\t\t\t\t  class=\"\n\t\t\t\t\t\t\timages_module__dot\n\t\t\t\t\t\t\t\t\t\t\t\t\t\t\"\n\t\t\t\t\t\t\t><\/span>\n\t\t\t\t\t\t\t\t\t\t\t<\/div>\n\t\t\t\t<\/div>\n\n\n\t\t\t<\/div>\n\t\t<\/div>\n\t<\/div>\n\n\t\n\n\n<script>\n\tvar images_display_descriptive_text = \"\";\n<\/script>\n\n\n\n<h2 class=\"wp-block-heading\"><em>Jonna Vass<\/em> \u2013 L\u00e4rare p\u00e5 h\u00f6gstadiet, Bild, Svenska och Textilsl\u00f6jd<\/h2>\n\n\n\n<h3 class=\"wp-block-heading\">Vilken typ av uppgifter m\u00e4rker du skapar mest engagemang hos eleverna?<\/h3>\n\n\n\n<p>F\u00f6r eleverna, s\u00e4rskilt inom praktiska \u00e4mnen som bild och textilsl\u00f6jd, \u00e4r de mest engagerande uppgifterna de som l\u00e5ter dem anv\u00e4nda sin fantasi och kreativitet. N\u00e4r de f\u00e5r arbeta praktiskt med en tydlig ram att utg\u00e5 ifr\u00e5n, men samtidigt har friheten att utveckla egna id\u00e9er inom den uppsatta uppgiften, ser jag ett stort engagemang och driv.<\/p>\n\n\n\n<h3 class=\"wp-block-heading\">Hur uppmuntrar du eleverna till kreativitet och att t\u00e4nka i nya banor?<\/h3>\n\n\n\n<p>Genom att utg\u00e5 fr\u00e5n elevernas egna intressen och \u00e4mnen som engagerar dem l\u00e4gger jag grunden f\u00f6r kreativitet. Det blir enklare att t\u00e4nka i nya banor n\u00e4r uppgiften k\u00e4nns relevant och meningsfull. F\u00f6r de elever som upplever ett stort hinder, exempelvis p\u00e5 grund av os\u00e4kerhet eller ointresse, \u00e4r det dessutom avg\u00f6rande att ge mycket positiv feedback och uppmuntran tidigt i processen f\u00f6r att underl\u00e4tta deras start.<\/p>\n\n\n\n<h3 class=\"wp-block-heading\">N\u00e4r k\u00e4nner du som l\u00e4rare att du har lyckats?<\/h3>\n\n\n\n<p>Framg\u00e5ng f\u00f6r mig som l\u00e4rare handlar om att se den individuella utvecklingen och de v\u00e4ndpunkter som sker hos eleverna. Jag vill att en elev ska k\u00e4nna att den har lyckats, eftersom det \u00e4r k\u00e4nslan som driver framtida l\u00e4rande. En annan viktig framg\u00e5ngsfaktor \u00e4r n\u00e4r en elev ser sin egen utveckling och inte bara fokuserar p\u00e5 slutresultatet. Det kanske mest motiverande \u00e4r n\u00e4r ett passivt ointresse v\u00e4nds till aktiv kreativitet och engagemang.<\/p>\n\n\n\n<h3 class=\"wp-block-heading\">Hur skapar ni trygg vuxenn\u00e4rvaro p\u00e5 er skola?<\/h3>\n\n\n\n<p>Trygg vuxenn\u00e4rvaro p\u00e5 skolan skapar vi genom att se till att de vuxna inte bara \u00e4r d\u00e4r utan ocks\u00e5 ser eleverna och skapar relationsbyggande. Vi har korridorsv\u00e4rdar p\u00e5 morgonen, pedagogisk lunch i b\u00e5de F-6 och h\u00f6gstadiet, samt aktiva rastv\u00e4rdar p\u00e5 alla stadier. Kurator och socialpedagog r\u00f6r sig ofta i korridorerna. Vi genomf\u00f6r trygghetsenk\u00e4ter varje \u00e5r.<\/p>\n\n\n\n\t<style>\n\t\t.inner {\n\n\t\t\tmargin: 0 auto;\n\n\n\t\t}\n\t<\/style>\n\t<div\n\t\t class=\"container images-module\" >\n\t\t<div class=\"row images_module__slideshow\">\n\n\t\t\t<div\n\t\t\t\t\tclass=\"col-md-12 p-0 position-relative images_module__slideshow images_module__slideshow-container  \">\n\t\t\t\t<div class=\"images_module__slide\" data-slide=\"\"\n\t\t\t\t\t data-duration=\"\"><\/div>\n\t\t\t\t\t\t\t\t\t<div\n\t\t\t\t\t\t class=\"images_module__slides\n\n\t\t\t\t\t   \"\n\t\t\t\t\t>\n\n\t\t\t\t\t\t<div class=\"images__wrapper\" style=\"aspect-ratio: 851 \/ 851;\">\n\t\t\t\t\t\t\t<img decoding=\"async\" width=\"1941\" height=\"2069\" src=\"https:\/\/innovitaskolan.se\/wp-content\/uploads\/sites\/10\/2025\/11\/jv-scaled-e1762432946166.jpg\" class=\"images__image_ratio  \" alt=\"\" style=\"aspect-ratio: 851 \/ 851;object-position: center center;\" srcset=\"https:\/\/innovitaskolan.se\/wp-content\/uploads\/sites\/10\/2025\/11\/jv-scaled-e1762432946166.jpg 1941w, https:\/\/innovitaskolan.se\/wp-content\/uploads\/sites\/10\/2025\/11\/jv-scaled-e1762432946166-300x320.jpg 300w, https:\/\/innovitaskolan.se\/wp-content\/uploads\/sites\/10\/2025\/11\/jv-scaled-e1762432946166-400x426.jpg 400w, https:\/\/innovitaskolan.se\/wp-content\/uploads\/sites\/10\/2025\/11\/jv-scaled-e1762432946166-600x640.jpg 600w, https:\/\/innovitaskolan.se\/wp-content\/uploads\/sites\/10\/2025\/11\/jv-scaled-e1762432946166-800x853.jpg 800w, https:\/\/innovitaskolan.se\/wp-content\/uploads\/sites\/10\/2025\/11\/jv-scaled-e1762432946166-1024x1092.jpg 1024w, https:\/\/innovitaskolan.se\/wp-content\/uploads\/sites\/10\/2025\/11\/jv-scaled-e1762432946166-1200x1279.jpg 1200w\" sizes=\"(max-width: 1941px) 100vw, 1941px\" \/>\t\t\t\t\t\t<\/div>\n\t\t\t\t\t\t\n\n\t\t\t\t\t\t\t\t\t\t\t<\/div>\n\t\t\t\t\n\t\t\t\t<div class=\"images_module__container_dot\">\n\t\t\t\t\t<div style=\"text-align:center\">\n\n\n\t\t\t\t\t\t\t\t\t\t\t\t\t<span   data-i=\"0\"\n\t\t\t\t\t\t\t\t  class=\"\n\t\t\t\t\t\t\timages_module__dot\n\t\t\t\t\t\t\t\t\t\t\t\t\t\t\"\n\t\t\t\t\t\t\t><\/span>\n\t\t\t\t\t\t\t\t\t\t\t<\/div>\n\t\t\t\t<\/div>\n\n\n\t\t\t<\/div>\n\t\t<\/div>\n\t<\/div>\n\n\t\n\n\n<script>\n\tvar images_display_descriptive_text = \"\";\n<\/script>\n<\/div>\n\n\n\n<div class=\"wp-block-column is-layout-flow wp-block-column-is-layout-flow\" style=\"flex-basis:15%\"><\/div>\n<\/div>\n\n\n\n\n<section  class=\"ams-cta ams-cta--stacked c-block l-stacked\" data-color-scheme=\"beige\">\n\t<div class=\"l-container-narrow l-stack l-stack-fluid-2xl u-pt-fluid-md-xl u-pb-fluid-md-xl is-center is-center@md\">\n\t\t\t\t\t<div class=\"ams-cta__intro l-stack l-stack-lg\">\n\t\t\t\t\t\n\t<h3\n\tclass=\"c-heading u-font-title-1 \"\n\tstyle=\"\">\n\t\t\n\t\t\t\t\tVill du l\u00e4sa mer om v\u00e5rt pedagogiska koncept?\n\t\t\t\t\n\t<\/h3>\n\n\t\t\t\t\t\t\t<\/div>\n\t\t\n\t\t\n\t\t\t<div class=\"ams-cta__action u-inline-items\">\n\t\t\t\t\t\t\t\n\n\n<a href=\"https:\/\/innovitaskolan.se\/kalix\/pedagogiskt-koncept\/\"\n\t\n\tclass=\"c-btn \"\n\tdata-style=\"round\"\n\tdata-size=\"md\"\n\tdata-width=\"full-mobile\"\n\tdata-variant=\"default\"\n\ttarget=\"_self\">\n\t\t\t<span class=\"label\"> V\u00e5rt pedagogiska koncept<\/span>\n\t\t\t<\/a>\n\t\t\t<\/div>\n\t<\/div>\n\n\t\t\n\t\t\t\n\t\t\t\t\t\t\t\n\t\t\t\t<div class=\"c-bg c-bg--img\" data-settings=\"{&quot;desktop_settings&quot;:{&quot;size&quot;:&quot;auto&quot;,&quot;position&quot;:&quot;top-left&quot;},&quot;mobile_settings&quot;:{&quot;size&quot;:&quot;auto&quot;,&quot;position&quot;:&quot;top-left&quot;}}\" data-position=\"middle-center\" data-size=\"cover\">\n\t\t\t\n\t\t<\/div>\n\t\t\t\n\t\t\t\t\t\t\t\n\t\t\t\t<div class=\"c-bg c-bg--img\" data-settings=\"{&quot;desktop_settings&quot;:{&quot;size&quot;:&quot;auto&quot;,&quot;position&quot;:&quot;bottom-right&quot;},&quot;mobile_settings&quot;:{&quot;size&quot;:&quot;auto&quot;,&quot;position&quot;:&quot;bottom-right&quot;}}\" data-position=\"middle-center\" data-size=\"cover\">\n\t\t\t\n\t\t<\/div>\n\t\n<\/section>\n","protected":false},"template":"","article_category":[26],"yoast_head":"<!-- This site is optimized with the Yoast SEO plugin v22.0 - https:\/\/yoast.com\/wordpress\/plugins\/seo\/ -->\n<title>L\u00e4r k\u00e4nna v\u00e5ra pedagoger | Innovitaskolan Kalix<\/title>\n<meta name=\"description\" content=\"L\u00e4r k\u00e4nna v\u00e5ra pedagoger och l\u00e4rare p\u00e5 Innovitaskolan Kalix! Vad motiverar dem och hur uppmuntrar de till nyfikenhet och kreativitet?\" \/>\n<meta name=\"robots\" content=\"index, follow, max-snippet:-1, max-image-preview:large, max-video-preview:-1\" \/>\n<link rel=\"canonical\" href=\"https:\/\/innovitaskolan.se\/kalix\/artiklar\/pedagoger\/\" \/>\n<meta property=\"og:locale\" content=\"sv_SE\" \/>\n<meta property=\"og:type\" content=\"article\" \/>\n<meta property=\"og:title\" content=\"L\u00e4r k\u00e4nna v\u00e5ra pedagoger | Innovitaskolan Kalix\" \/>\n<meta property=\"og:description\" content=\"L\u00e4r k\u00e4nna v\u00e5ra pedagoger och l\u00e4rare p\u00e5 Innovitaskolan Kalix! Vad motiverar dem och hur uppmuntrar de till nyfikenhet och kreativitet?\" \/>\n<meta property=\"og:url\" content=\"https:\/\/innovitaskolan.se\/kalix\/artiklar\/pedagoger\/\" \/>\n<meta property=\"og:site_name\" content=\"Kalix\" \/>\n<meta property=\"article:modified_time\" content=\"2025-11-27T13:53:03+00:00\" \/>\n<meta name=\"twitter:card\" content=\"summary_large_image\" \/>\n<meta name=\"twitter:title\" content=\"L\u00e4r k\u00e4nna v\u00e5ra pedagoger | Innovitaskolan Kalix\" \/>\n<meta name=\"twitter:description\" content=\"L\u00e4r k\u00e4nna v\u00e5ra pedagoger och l\u00e4rare p\u00e5 Innovitaskolan Kalix! Vad motiverar dem och hur uppmuntrar de till nyfikenhet och kreativitet?\" \/>\n<meta name=\"twitter:image\" content=\"https:\/\/innovitaskolan.se\/wp-content\/uploads\/sites\/10\/2025\/11\/ja-602x630.jpg\" \/>\n<meta name=\"twitter:label1\" content=\"Ber\u00e4knad l\u00e4stid\" \/>\n\t<meta name=\"twitter:data1\" content=\"6 minuter\" \/>\n<script type=\"application\/ld+json\" class=\"yoast-schema-graph\">{\"@context\":\"https:\/\/schema.org\",\"@graph\":[{\"@type\":\"WebPage\",\"@id\":\"https:\/\/innovitaskolan.se\/kalix\/artiklar\/pedagoger\/\",\"url\":\"https:\/\/innovitaskolan.se\/kalix\/artiklar\/pedagoger\/\",\"name\":\"L\u00e4r k\u00e4nna v\u00e5ra pedagoger | Innovitaskolan Kalix\",\"isPartOf\":{\"@id\":\"https:\/\/innovitaskolan.se\/kalix\/#website\"},\"datePublished\":\"2025-11-27T13:53:02+00:00\",\"dateModified\":\"2025-11-27T13:53:03+00:00\",\"description\":\"L\u00e4r k\u00e4nna v\u00e5ra pedagoger och l\u00e4rare p\u00e5 Innovitaskolan Kalix! Vad motiverar dem och hur uppmuntrar de till nyfikenhet och kreativitet?\",\"breadcrumb\":{\"@id\":\"https:\/\/innovitaskolan.se\/kalix\/artiklar\/pedagoger\/#breadcrumb\"},\"inLanguage\":\"sv-SE\",\"potentialAction\":[{\"@type\":\"ReadAction\",\"target\":[\"https:\/\/innovitaskolan.se\/kalix\/artiklar\/pedagoger\/\"]}]},{\"@type\":\"BreadcrumbList\",\"@id\":\"https:\/\/innovitaskolan.se\/kalix\/artiklar\/pedagoger\/#breadcrumb\",\"itemListElement\":[{\"@type\":\"ListItem\",\"position\":1,\"name\":\"Start\",\"item\":\"https:\/\/innovitaskolan.se\/kalix\"},{\"@type\":\"ListItem\",\"position\":2,\"name\":\"Nyheter\"}]},{\"@type\":\"WebSite\",\"@id\":\"https:\/\/innovitaskolan.se\/kalix\/#website\",\"url\":\"https:\/\/innovitaskolan.se\/kalix\/\",\"name\":\"Kalix\",\"description\":\"En del av AcadeMedia\",\"potentialAction\":[{\"@type\":\"SearchAction\",\"target\":{\"@type\":\"EntryPoint\",\"urlTemplate\":\"https:\/\/innovitaskolan.se\/kalix\/?s={search_term_string}\"},\"query-input\":\"required name=search_term_string\"}],\"inLanguage\":\"sv-SE\"}]}<\/script>\n<!-- \/ Yoast SEO plugin. -->","yoast_head_json":{"title":"L\u00e4r k\u00e4nna v\u00e5ra pedagoger | Innovitaskolan Kalix","description":"L\u00e4r k\u00e4nna v\u00e5ra pedagoger och l\u00e4rare p\u00e5 Innovitaskolan Kalix! Vad motiverar dem och hur uppmuntrar de till nyfikenhet och kreativitet?","robots":{"index":"index","follow":"follow","max-snippet":"max-snippet:-1","max-image-preview":"max-image-preview:large","max-video-preview":"max-video-preview:-1"},"canonical":"https:\/\/innovitaskolan.se\/kalix\/artiklar\/pedagoger\/","og_locale":"sv_SE","og_type":"article","og_title":"L\u00e4r k\u00e4nna v\u00e5ra pedagoger | Innovitaskolan Kalix","og_description":"L\u00e4r k\u00e4nna v\u00e5ra pedagoger och l\u00e4rare p\u00e5 Innovitaskolan Kalix! Vad motiverar dem och hur uppmuntrar de till nyfikenhet och kreativitet?","og_url":"https:\/\/innovitaskolan.se\/kalix\/artiklar\/pedagoger\/","og_site_name":"Kalix","article_modified_time":"2025-11-27T13:53:03+00:00","twitter_card":"summary_large_image","twitter_title":"L\u00e4r k\u00e4nna v\u00e5ra pedagoger | Innovitaskolan Kalix","twitter_description":"L\u00e4r k\u00e4nna v\u00e5ra pedagoger och l\u00e4rare p\u00e5 Innovitaskolan Kalix! Vad motiverar dem och hur uppmuntrar de till nyfikenhet och kreativitet?","twitter_image":"https:\/\/innovitaskolan.se\/wp-content\/uploads\/sites\/10\/2025\/11\/ja-602x630.jpg","twitter_misc":{"Ber\u00e4knad l\u00e4stid":"6 minuter"},"schema":{"@context":"https:\/\/schema.org","@graph":[{"@type":"WebPage","@id":"https:\/\/innovitaskolan.se\/kalix\/artiklar\/pedagoger\/","url":"https:\/\/innovitaskolan.se\/kalix\/artiklar\/pedagoger\/","name":"L\u00e4r k\u00e4nna v\u00e5ra pedagoger | Innovitaskolan Kalix","isPartOf":{"@id":"https:\/\/innovitaskolan.se\/kalix\/#website"},"datePublished":"2025-11-27T13:53:02+00:00","dateModified":"2025-11-27T13:53:03+00:00","description":"L\u00e4r k\u00e4nna v\u00e5ra pedagoger och l\u00e4rare p\u00e5 Innovitaskolan Kalix! Vad motiverar dem och hur uppmuntrar de till nyfikenhet och kreativitet?","breadcrumb":{"@id":"https:\/\/innovitaskolan.se\/kalix\/artiklar\/pedagoger\/#breadcrumb"},"inLanguage":"sv-SE","potentialAction":[{"@type":"ReadAction","target":["https:\/\/innovitaskolan.se\/kalix\/artiklar\/pedagoger\/"]}]},{"@type":"BreadcrumbList","@id":"https:\/\/innovitaskolan.se\/kalix\/artiklar\/pedagoger\/#breadcrumb","itemListElement":[{"@type":"ListItem","position":1,"name":"Start","item":"https:\/\/innovitaskolan.se\/kalix"},{"@type":"ListItem","position":2,"name":"Nyheter"}]},{"@type":"WebSite","@id":"https:\/\/innovitaskolan.se\/kalix\/#website","url":"https:\/\/innovitaskolan.se\/kalix\/","name":"Kalix","description":"En del av AcadeMedia","potentialAction":[{"@type":"SearchAction","target":{"@type":"EntryPoint","urlTemplate":"https:\/\/innovitaskolan.se\/kalix\/?s={search_term_string}"},"query-input":"required name=search_term_string"}],"inLanguage":"sv-SE"}]}},"_links":{"self":[{"href":"https:\/\/innovitaskolan.se\/kalix\/wp-json\/wp\/v2\/article\/2092"}],"collection":[{"href":"https:\/\/innovitaskolan.se\/kalix\/wp-json\/wp\/v2\/article"}],"about":[{"href":"https:\/\/innovitaskolan.se\/kalix\/wp-json\/wp\/v2\/types\/article"}],"wp:attachment":[{"href":"https:\/\/innovitaskolan.se\/kalix\/wp-json\/wp\/v2\/media?parent=2092"}],"wp:term":[{"taxonomy":"article_category","embeddable":true,"href":"https:\/\/innovitaskolan.se\/kalix\/wp-json\/wp\/v2\/article_category?post=2092"}],"curies":[{"name":"wp","href":"https:\/\/api.w.org\/{rel}","templated":true}]}}