{"id":1024,"date":"2021-09-06T08:46:25","date_gmt":"2021-09-06T06:46:25","guid":{"rendered":"https:\/\/innovitaskolan.se\/joriel\/?post_type=article&#038;p=1024"},"modified":"2026-08-04T17:19:09","modified_gmt":"2026-08-04T15:19:09","slug":"intervju-rektor-cecilia","status":"publish","type":"article","link":"https:\/\/innovitaskolan.se\/joriel\/artiklar\/intervju-rektor-cecilia\/","title":{"rendered":"Intervju rektor Cecilia"},"content":{"rendered":"\t<div\n\t\t class=\"module_wrapper container-fluid images-module\" >\n\t\t<div class=\"row\">\n\t\t\t<div\n\t\t\t\t\tclass=\"col-12 m-0 p-0 position-relative images_module__slideshow images_module__slideshow-container module-expand \">\n\n\t\t\t\t<div class=\"images_module__slide \" data-slide=\"\"\n\t\t\t\t\t data-duration=\"\"><\/div>\n\t\t\t\t\t\t\t\t\t<div\n\t\t\t\t\t\t class=\"images_module__slides \">\n\n\n\t\t\t\t\t\t<div class=\"images__wrapper\"\n\t\t\t\t\t\t\t style=\"aspect-ratio: 1441 \/ 531;\">\n\t\t\t\t\t\t\t<img decoding=\"async\" width=\"1920\" height=\"1280\" src=\"https:\/\/innovitaskolan.se\/wp-content\/uploads\/sites\/9\/2024\/10\/innovitaskolanjoriel202405grundskola43.jpg\" class=\"images__image_ratio  \" alt=\"Elev p\u00e5 Innovitaskolan Joriel h\u00e5ller i ett papper.\" style=\"aspect-ratio: 1441 \/ 531;object-position: center center;\" srcset=\"https:\/\/innovitaskolan.se\/wp-content\/uploads\/sites\/9\/2024\/10\/innovitaskolanjoriel202405grundskola43.jpg 1920w, https:\/\/innovitaskolan.se\/wp-content\/uploads\/sites\/9\/2024\/10\/innovitaskolanjoriel202405grundskola43-300x200.jpg 300w, https:\/\/innovitaskolan.se\/wp-content\/uploads\/sites\/9\/2024\/10\/innovitaskolanjoriel202405grundskola43-400x267.jpg 400w, https:\/\/innovitaskolan.se\/wp-content\/uploads\/sites\/9\/2024\/10\/innovitaskolanjoriel202405grundskola43-600x400.jpg 600w, https:\/\/innovitaskolan.se\/wp-content\/uploads\/sites\/9\/2024\/10\/innovitaskolanjoriel202405grundskola43-800x533.jpg 800w, https:\/\/innovitaskolan.se\/wp-content\/uploads\/sites\/9\/2024\/10\/innovitaskolanjoriel202405grundskola43-1024x683.jpg 1024w, https:\/\/innovitaskolan.se\/wp-content\/uploads\/sites\/9\/2024\/10\/innovitaskolanjoriel202405grundskola43-1200x800.jpg 1200w\" sizes=\"(max-width: 1920px) 100vw, 1920px\" \/>\t\t\t\t\t\t<\/div>\n\n\t\t\t\t\t\t\n\t\t\t\t\t\t\t\t\t\t\t<\/div>\n\t\t\t\t\n\t\t\t\t<div class=\"images_module__container_dot \">\n\t\t\t\t\t<div style=\"text-align:center\">\n\t\t\t\t\t\t\t\t\t\t\t\t\t<span   data-i=\"0\"\n\t\t\t\t\t\t\t\t  class=\"images_module__dot\n\t\t\t\t\t\t\t\t\t\t\t\t\t  \"><\/span>\n\t\t\t\t\t\t\t\t\t\t\t<\/div>\n\t\t\t\t<\/div>\n\n\t\t\t<\/div>\n\t\t<\/div>\n\t<\/div>\n\n\n\t\n\n\n<script>\n\tvar images_display_descriptive_text = \"\";\n<\/script>\n\n\n\n<div style=\"height:40px\" aria-hidden=\"true\" class=\"wp-block-spacer\"><\/div>\n\n\n\n<div class=\"wp-block-columns is-layout-flex wp-container-core-columns-layout-1 wp-block-columns-is-layout-flex\">\n<div class=\"wp-block-column is-layout-flow wp-block-column-is-layout-flow\">\n<h1 class=\"wp-block-heading\">S\u00e4g hej till rektor Cecilia! <\/h1>\n\n\n\n<p   class=\"site__ingress container text-left  site__text-color--dark  site__free_text--ingress p-0\">\n\t\u201cGl\u00e4djen och utmaningen i att leda en komplex verksamhet\u201d \u00e4r enligt Cecilia Hansen, rektor p\u00e5 Innovitaskolan Joriel, det b\u00e4sta med hennes jobb. Cecilia har varit rektor sedan 1999 och har under hennes verksamma \u00e5r f\u00e5tt med sig m\u00e4ngder av erfarenheter och l\u00e4rdomar. I den h\u00e4r intervjun ber\u00e4ttar Cecilia mer om hur skolan arbetar f\u00f6r att ge eleverna de b\u00e4sta f\u00f6ruts\u00e4ttningar och st\u00f6det i deras l\u00e4rande. \r\n<\/p>\n\n\n\n\n\n<p><\/p>\n\n\n\n<h2 class=\"wp-block-heading\">Varf\u00f6r best\u00e4mde du dig f\u00f6r att bli rektor? <\/h2>\n\n\n\n<p>Jag vill g\u00f6ra skillnad och ge v\u00e5ra elever de b\u00e4sta f\u00f6ruts\u00e4ttningar och verktygen inf\u00f6r framtiden. <\/p>\n\n\n\n<h2 class=\"wp-block-heading\">Vad \u00e4r det b\u00e4sta med att vara rektor? <\/h2>\n\n\n\n<p>Bland det b\u00e4sta med mitt jobb \u00e4r att se m\u00e4nniskor omkring mig v\u00e4xa. N\u00e4r b\u00e5de personal och elever utmanar sig sj\u00e4lva och uppt\u00e4cker att de kan mer \u00e4n de tror. <\/p>\n\n\n\n<h2 class=\"wp-block-heading\">N\u00e4r k\u00e4nner du dig som mest stolt \u00f6ver att vara rektor? <\/h2>\n\n\n\n<p>N\u00e4r elever och personal utvecklas och lyckas uppn\u00e5 m\u00e5l och resultat som de har arbetat h\u00e5rt med. <\/p>\n\n\n\n<h2 class=\"wp-block-heading\">Vad tycker du \u00e4r viktigast f\u00f6r att skapa en bra skolg\u00e5ng? <\/h2>\n\n\n\n<p>Det \u00e4r viktigt att hitta en skola som ger just ditt barn r\u00e4tt f\u00f6ruts\u00e4ttningar. I v\u00e5r verksamhet str\u00e4var vi efter att skapa forum d\u00e4r vi fokuserar p\u00e5 elevernas behov och d\u00e4r vi har r\u00e4tt personal p\u00e5 r\u00e4tt plats. Vi l\u00e4gger stort fokus p\u00e5 att skapa trygga relationer till barn och elever, d\u00e4r barnen k\u00e4nner sig sedda och lyssnade p\u00e5. <\/p>\n\n\n\n<h2 class=\"wp-block-heading\">Vad \u00e4r ditt b\u00e4sta tips till v\u00e5rdnadshavare inf\u00f6r skolvalet? <\/h2>\n\n\n\n<p>G\u00f6r ett informerat skolval. Bes\u00f6k flera skolor och tar reda p\u00e5 om vilken skola som passar ditt barn och dess behov allra b\u00e4st. <\/p>\n<\/div>\n\n\n\n<div class=\"wp-block-column is-layout-flow wp-block-column-is-layout-flow\">\n\t<style>\n\t\t.inner {\n\n\t\t\tmargin: 0 auto;\n\n\n\t\t}\n\t<\/style>\n\t<div\n\t\t class=\"container images-module\" >\n\t\t<div class=\"row images_module__slideshow\">\n\n\t\t\t<div\n\t\t\t\t\tclass=\"col-md-12 p-0 position-relative images_module__slideshow images_module__slideshow-container  \">\n\t\t\t\t<div class=\"images_module__slide\" data-slide=\"\"\n\t\t\t\t\t data-duration=\"\"><\/div>\n\t\t\t\t\t\t\t\t\t<div\n\t\t\t\t\t\t class=\"images_module__slides\n\n\t\t\t\t\t   \"\n\t\t\t\t\t>\n\n\t\t\t\t\t\t<div class=\"images__wrapper\" style=\"aspect-ratio: 851 \/ 851;\">\n\t\t\t\t\t\t\t<img decoding=\"async\" width=\"1239\" height=\"1241\" src=\"https:\/\/innovitaskolan.se\/wp-content\/uploads\/sites\/9\/2021\/07\/cecilia-hansen-rektor.jpg\" class=\"images__image_ratio   images-module-image-mask image-module-mask-medium-shape4 \" alt=\"\" style=\"aspect-ratio: 851 \/ 851;object-position: _center-center;\" srcset=\"https:\/\/innovitaskolan.se\/wp-content\/uploads\/sites\/9\/2021\/07\/cecilia-hansen-rektor.jpg 1239w, https:\/\/innovitaskolan.se\/wp-content\/uploads\/sites\/9\/2021\/07\/cecilia-hansen-rektor-150x150.jpg 150w, https:\/\/innovitaskolan.se\/wp-content\/uploads\/sites\/9\/2021\/07\/cecilia-hansen-rektor-300x300.jpg 300w, https:\/\/innovitaskolan.se\/wp-content\/uploads\/sites\/9\/2021\/07\/cecilia-hansen-rektor-400x401.jpg 400w, https:\/\/innovitaskolan.se\/wp-content\/uploads\/sites\/9\/2021\/07\/cecilia-hansen-rektor-600x601.jpg 600w, https:\/\/innovitaskolan.se\/wp-content\/uploads\/sites\/9\/2021\/07\/cecilia-hansen-rektor-800x801.jpg 800w, https:\/\/innovitaskolan.se\/wp-content\/uploads\/sites\/9\/2021\/07\/cecilia-hansen-rektor-1024x1026.jpg 1024w, https:\/\/innovitaskolan.se\/wp-content\/uploads\/sites\/9\/2021\/07\/cecilia-hansen-rektor-1200x1202.jpg 1200w\" sizes=\"(max-width: 1239px) 100vw, 1239px\" \/>\t\t\t\t\t\t<\/div>\n\t\t\t\t\t\t\n\n\t\t\t\t\t\t\t\t\t\t\t<\/div>\n\t\t\t\t\n\t\t\t\t<div class=\"images_module__container_dot\">\n\t\t\t\t\t<div style=\"text-align:center\">\n\n\n\t\t\t\t\t\t\t\t\t\t\t\t\t<span   data-i=\"0\"\n\t\t\t\t\t\t\t\t  class=\"\n\t\t\t\t\t\t\timages_module__dot\n\t\t\t\t\t\t\t\t\t\t\t\t\t\t\"\n\t\t\t\t\t\t\t><\/span>\n\t\t\t\t\t\t\t\t\t\t\t<\/div>\n\t\t\t\t<\/div>\n\n\n\t\t\t<\/div>\n\t\t<\/div>\n\t<\/div>\n\n\t\n\n\n<script>\n\tvar images_display_descriptive_text = \"\";\n<\/script>\n\n\n\n<h2 class=\"wp-block-heading\">Hur skulle du beskriva Innovitaskolan Joriel? <\/h2>\n\n\n\n<p>Som en varm och inlyssnande skola som utbildar eleverna med fokus p\u00e5 deras styrkor och f\u00f6rm\u00e5gor. Vi str\u00e4var st\u00e4ndigt efter att hj\u00e4lpa eleven att bli medveten om sina f\u00f6ruts\u00e4ttningar och m\u00f6jligheter. H\u00e4r l\u00e5ter vi l\u00e4rande, v\u00e4lm\u00e5ende och trygghet ta stor plats. P\u00e5 Innovitskolan Joriel \u00e4r ingenting om\u00f6jligt. <\/p>\n\n\n\n<h2 class=\"wp-block-heading\">Hur tror du att eleverna skulle beskriva skolan? <\/h2>\n\n\n\n<p>En plats d\u00e4r de kan vara i fokus. D\u00e4r de f\u00e5r m\u00f6jlighet att synas och kommunicera. En skola d\u00e4r eleverna f\u00e5r vara som vilken elev som helst. <\/p>\n\n\n\n<h2 class=\"wp-block-heading\">Hur arbetar pedagogerna p\u00e5 skolan? <\/h2>\n\n\n\n<p>Vi har m\u00e5nga yrkeskategorier som arbetar tillsammans f\u00f6r att ge eleverna bra f\u00f6ruts\u00e4ttningar och st\u00f6d i sin utveckling. I v\u00e5r personalk\u00e5r har vi allt fr\u00e5n l\u00e4rare, konduktor, specialpedagog, musikterapeut, arbetsterapeut, logoped och elevassistenter. Varje klass utg\u00e5r fr\u00e5n ett tv\u00e5l\u00e4rarsystem, med en l\u00e4rare och kondukt\u00f6r. Skolans undervisande pedagoger jobbar utifr\u00e5n sambed\u00f6mning oavsett vilket \u00e4mne det handlar om. Skolans pedagoger samarbetar \u00e4ven aktivt med elevh\u00e4lsan tillsammans med eleverna.<\/p>\n<\/div>\n<\/div>\n","protected":false},"template":"","article_category":[26],"yoast_head":"<!-- This site is optimized with the Yoast SEO plugin v22.0 - https:\/\/yoast.com\/wordpress\/plugins\/seo\/ -->\n<title>Joriel<\/title>\n<meta name=\"robots\" content=\"index, follow, max-snippet:-1, max-image-preview:large, max-video-preview:-1\" \/>\n<link rel=\"canonical\" href=\"https:\/\/innovitaskolan.se\/joriel\/artiklar\/intervju-rektor-cecilia\/\" \/>\n<meta property=\"og:locale\" content=\"sv_SE\" \/>\n<meta property=\"og:type\" content=\"article\" \/>\n<meta property=\"og:url\" content=\"https:\/\/innovitaskolan.se\/joriel\/artiklar\/intervju-rektor-cecilia\/\" \/>\n<meta property=\"og:site_name\" content=\"Joriel\" \/>\n<meta property=\"article:modified_time\" content=\"2026-08-04T15:19:09+00:00\" \/>\n<meta name=\"twitter:card\" content=\"summary_large_image\" \/>\n<meta name=\"twitter:image\" content=\"https:\/\/innovitaskolan.se\/wp-content\/uploads\/sites\/9\/2024\/10\/innovitaskolanjoriel202405grundskola43-1200x630.jpg\" \/>\n<meta name=\"twitter:label1\" content=\"Ber\u00e4knad l\u00e4stid\" \/>\n\t<meta name=\"twitter:data1\" content=\"3 minuter\" \/>\n<script type=\"application\/ld+json\" class=\"yoast-schema-graph\">{\"@context\":\"https:\/\/schema.org\",\"@graph\":[{\"@type\":\"WebPage\",\"@id\":\"https:\/\/innovitaskolan.se\/joriel\/artiklar\/intervju-rektor-cecilia\/\",\"url\":\"https:\/\/innovitaskolan.se\/joriel\/artiklar\/intervju-rektor-cecilia\/\",\"name\":\"Intervju rektor Cecilia - Joriel\",\"isPartOf\":{\"@id\":\"https:\/\/innovitaskolan.se\/joriel\/#website\"},\"datePublished\":\"2021-09-06T06:46:25+00:00\",\"dateModified\":\"2026-08-04T15:19:09+00:00\",\"breadcrumb\":{\"@id\":\"https:\/\/innovitaskolan.se\/joriel\/artiklar\/intervju-rektor-cecilia\/#breadcrumb\"},\"inLanguage\":\"sv-SE\",\"potentialAction\":[{\"@type\":\"ReadAction\",\"target\":[\"https:\/\/innovitaskolan.se\/joriel\/artiklar\/intervju-rektor-cecilia\/\"]}]},{\"@type\":\"BreadcrumbList\",\"@id\":\"https:\/\/innovitaskolan.se\/joriel\/artiklar\/intervju-rektor-cecilia\/#breadcrumb\",\"itemListElement\":[{\"@type\":\"ListItem\",\"position\":1,\"name\":\"Start\",\"item\":\"https:\/\/innovitaskolan.se\/joriel\"},{\"@type\":\"ListItem\",\"position\":2,\"name\":\"Artiklar\"}]},{\"@type\":\"WebSite\",\"@id\":\"https:\/\/innovitaskolan.se\/joriel\/#website\",\"url\":\"https:\/\/innovitaskolan.se\/joriel\/\",\"name\":\"Joriel\",\"description\":\"En del av AcadeMedia\",\"potentialAction\":[{\"@type\":\"SearchAction\",\"target\":{\"@type\":\"EntryPoint\",\"urlTemplate\":\"https:\/\/innovitaskolan.se\/joriel\/?s={search_term_string}\"},\"query-input\":\"required name=search_term_string\"}],\"inLanguage\":\"sv-SE\"}]}<\/script>\n<!-- \/ Yoast SEO plugin. -->","yoast_head_json":{"title":"Joriel","robots":{"index":"index","follow":"follow","max-snippet":"max-snippet:-1","max-image-preview":"max-image-preview:large","max-video-preview":"max-video-preview:-1"},"canonical":"https:\/\/innovitaskolan.se\/joriel\/artiklar\/intervju-rektor-cecilia\/","og_locale":"sv_SE","og_type":"article","og_url":"https:\/\/innovitaskolan.se\/joriel\/artiklar\/intervju-rektor-cecilia\/","og_site_name":"Joriel","article_modified_time":"2026-08-04T15:19:09+00:00","twitter_card":"summary_large_image","twitter_image":"https:\/\/innovitaskolan.se\/wp-content\/uploads\/sites\/9\/2024\/10\/innovitaskolanjoriel202405grundskola43-1200x630.jpg","twitter_misc":{"Ber\u00e4knad l\u00e4stid":"3 minuter"},"schema":{"@context":"https:\/\/schema.org","@graph":[{"@type":"WebPage","@id":"https:\/\/innovitaskolan.se\/joriel\/artiklar\/intervju-rektor-cecilia\/","url":"https:\/\/innovitaskolan.se\/joriel\/artiklar\/intervju-rektor-cecilia\/","name":"Intervju rektor Cecilia - Joriel","isPartOf":{"@id":"https:\/\/innovitaskolan.se\/joriel\/#website"},"datePublished":"2021-09-06T06:46:25+00:00","dateModified":"2026-08-04T15:19:09+00:00","breadcrumb":{"@id":"https:\/\/innovitaskolan.se\/joriel\/artiklar\/intervju-rektor-cecilia\/#breadcrumb"},"inLanguage":"sv-SE","potentialAction":[{"@type":"ReadAction","target":["https:\/\/innovitaskolan.se\/joriel\/artiklar\/intervju-rektor-cecilia\/"]}]},{"@type":"BreadcrumbList","@id":"https:\/\/innovitaskolan.se\/joriel\/artiklar\/intervju-rektor-cecilia\/#breadcrumb","itemListElement":[{"@type":"ListItem","position":1,"name":"Start","item":"https:\/\/innovitaskolan.se\/joriel"},{"@type":"ListItem","position":2,"name":"Artiklar"}]},{"@type":"WebSite","@id":"https:\/\/innovitaskolan.se\/joriel\/#website","url":"https:\/\/innovitaskolan.se\/joriel\/","name":"Joriel","description":"En del av AcadeMedia","potentialAction":[{"@type":"SearchAction","target":{"@type":"EntryPoint","urlTemplate":"https:\/\/innovitaskolan.se\/joriel\/?s={search_term_string}"},"query-input":"required name=search_term_string"}],"inLanguage":"sv-SE"}]}},"_links":{"self":[{"href":"https:\/\/innovitaskolan.se\/joriel\/wp-json\/wp\/v2\/article\/1024"}],"collection":[{"href":"https:\/\/innovitaskolan.se\/joriel\/wp-json\/wp\/v2\/article"}],"about":[{"href":"https:\/\/innovitaskolan.se\/joriel\/wp-json\/wp\/v2\/types\/article"}],"wp:attachment":[{"href":"https:\/\/innovitaskolan.se\/joriel\/wp-json\/wp\/v2\/media?parent=1024"}],"wp:term":[{"taxonomy":"article_category","embeddable":true,"href":"https:\/\/innovitaskolan.se\/joriel\/wp-json\/wp\/v2\/article_category?post=1024"}],"curies":[{"name":"wp","href":"https:\/\/api.w.org\/{rel}","templated":true}]}}