{"id":1720,"date":"2023-03-14T11:16:16","date_gmt":"2023-03-14T10:16:16","guid":{"rendered":"https:\/\/innovitaskolan.se\/johanneberg\/?post_type=article&#038;p=1720"},"modified":"2024-08-27T15:51:59","modified_gmt":"2024-08-27T13:51:59","slug":"tackla-utsatthet-pa-natet","status":"publish","type":"article","link":"https:\/\/innovitaskolan.se\/johanneberg\/artiklar\/tackla-utsatthet-pa-natet\/","title":{"rendered":"Tackla utsatthet p\u00e5 n\u00e4tet"},"content":{"rendered":"\n<div class=\"wp-block-columns is-layout-flex wp-container-core-columns-layout-1 wp-block-columns-is-layout-flex\">\n<div class=\"wp-block-column is-layout-flow wp-block-column-is-layout-flow\" style=\"flex-basis:25%\"><\/div>\n\n\n\n<div class=\"wp-block-column is-layout-flow wp-block-column-is-layout-flow\" style=\"flex-basis:75%\">\n<h1 class=\"wp-block-heading\"><strong>Tackla utsatthet p\u00e5 n\u00e4tet<\/strong><\/h1>\n\n\n\n\t<style>\n\t\t.inner {\n\n\t\t\tmargin: 0 auto;\n\n\n\t\t}\n\t<\/style>\n\t<div\n\t\t class=\"container images-module\" >\n\t\t<div class=\"row images_module__slideshow\">\n\n\t\t\t<div\n\t\t\t\t\tclass=\"col-md-12 p-0 position-relative images_module__slideshow images_module__slideshow-container  \">\n\t\t\t\t<div class=\"images_module__slide\" data-slide=\"\"\n\t\t\t\t\t data-duration=\"\"><\/div>\n\t\t\t\t\t\t\t\t\t<div\n\t\t\t\t\t\t class=\"images_module__slides\n\n\t\t\t\t\t   \"\n\t\t\t\t\t>\n\n\t\t\t\t\t\t<div class=\"images__wrapper\" style=\"aspect-ratio: 851 \/ 851;\">\n\t\t\t\t\t\t\t<img decoding=\"async\" width=\"234\" height=\"215\" src=\"https:\/\/innovitaskolan.se\/wp-content\/uploads\/sites\/8\/2023\/03\/no-hate.png\" class=\"images__image_ratio  \" alt=\"No hate hj\u00e4rta.\" style=\"aspect-ratio: 851 \/ 851;object-position: center center;\" \/>\t\t\t\t\t\t<\/div>\n\t\t\t\t\t\t\n\n\t\t\t\t\t\t\t\t\t\t\t<\/div>\n\t\t\t\t\n\t\t\t\t<div class=\"images_module__container_dot\">\n\t\t\t\t\t<div style=\"text-align:center\">\n\n\n\t\t\t\t\t\t\t\t\t\t\t\t\t<span   data-i=\"0\"\n\t\t\t\t\t\t\t\t  class=\"\n\t\t\t\t\t\t\timages_module__dot\n\t\t\t\t\t\t\t\t\t\t\t\t\t\t\"\n\t\t\t\t\t\t\t><\/span>\n\t\t\t\t\t\t\t\t\t\t\t<\/div>\n\t\t\t\t<\/div>\n\n\n\t\t\t<\/div>\n\t\t<\/div>\n\t<\/div>\n\n\t\n\n\n<script>\n\tvar images_display_descriptive_text = \"\";\n<\/script>\n\n\n\n<p><em><strong>\u201dTackla utsatthet p\u00e5 n\u00e4tet\u201d st\u00e5r i fokus under temaveckan<\/strong><\/em><\/p>\n\n\n\n<p><em>Kr\u00e4nkningar och trakasserier har f\u00f6rekommit bland unga i alla tider. I den tid vi lever i nu sker de flesta kr\u00e4nkningarna via n\u00e4tet och f\u00e5 unga vet var gr\u00e4nsen g\u00e5r f\u00f6r vad som \u00e4r lagligt och olagligt. De flesta vet inte heller hur de kan agera n\u00e4r de ser att n\u00e5gon bli utsatt. Den h\u00e4r veckans tema handlar d\u00e4rf\u00f6r om hur man tacklar utsatthet p\u00e5 n\u00e4tet, ur ett \u00e5sk\u00e5darperspektiv.<\/em><\/p>\n\n\n\n<h2 class=\"wp-block-heading\">Ungdomarna har det betydligt tuffare idag \u00e4n vi \u00e4ldre hade det<\/h2>\n\n\n\n<p>Kr\u00e4nkningarna p\u00e5 n\u00e4tet bland unga \u00f6kar och trakasserierna blir v\u00e4rre och v\u00e4rre.<br>F\u00f6rr i tiden skedde kr\u00e4nkningar och trakasserier mellan unga i den fysiska v\u00e4rlden i form av v\u00e5ld och taskiga kommentarer.&nbsp; D\u00e5 kunde man g\u00e5 hem, st\u00e4nga d\u00f6rren och f\u00e5 en paus fr\u00e5n allt.<br>Idag g\u00e5r det inte att st\u00e4nga av p\u00e5 samma s\u00e4tt eftersom mycket av kr\u00e4nkningarna och trakasserierna flyttat till den digitala v\u00e4rlden, d\u00e4r de unga vistas stora delar av dygnets vakna timmar. Det inneb\u00e4r att man tar med sig utsattheten hem \u00e4ven n\u00e4r man ligger under t\u00e4cket. <\/p>\n\n\n\n<p>Kr\u00e4nkningarna har ocks\u00e5 blivit v\u00e4rre och v\u00e4rre, det kan tillexempel handla om att man l\u00e4gger ut nakenbilder som aldrig g\u00e5r att f\u00e5 bort fr\u00e5n n\u00e4tet. Man kan ocks\u00e5 bli utsatt av anonyma som g\u00f6mmer sig och m\u00e5nga fler kan se att man blir utsatt. Skillnaden mellan det offentliga och det privata har suddats ut och man m\u00e5ste hela tiden upptr\u00e4da korrekt f\u00f6r att inte g\u00f6ra bort sig och bli utsatt.<\/p>\n\n\n\n<h2 class=\"wp-block-heading\">Unga beh\u00f6ver veta hur de kan agera n\u00e4r n\u00e5gon blir utsatt<\/h2>\n\n\n\n<p>Eftersom unga s\u00e4llan vet var gr\u00e4nsen g\u00e5r f\u00f6r vad som \u00e4r lagligt och olagligt och hur de kan agera n\u00e4r de ser att n\u00e5gon blir utsatt fokuserar vi p\u00e5 detta p\u00e5 temaveckan. Vi belyser utsatthet genom att uppm\u00e4rksamma p\u00e5 skolans sk\u00e4rmar, genom affischer samt att vi pratar om det med eleverna i den \u00f6ppna milj\u00f6n. Vi arbetar med att uppm\u00e4rksamma, p\u00e5 ett diskret s\u00e4tt, s\u00e5 att ungdomarna vet vart de kan v\u00e4nda sig om de ser n\u00e5gon bi utsatt.<\/p>\n\n\n\n<h2 class=\"wp-block-heading\">Temaveckorna belyser aktuella och viktiga \u00e4mnen<\/h2>\n\n\n\n<p>P\u00e5 skolan har vi har vi n\u00e5gra temaveckor per termin. Under temaveckorna belyser vi aktuella \u00e4mnen. Dessa planeras av v\u00e4rdegruppen p\u00e5 skolan. V\u00e4rdegruppen best\u00e5r av bitr\u00e4dande rektor, socialpedagog och kurator. Gruppen tr\u00e4ffas en g\u00e5ng i veckan f\u00f6r att planera olika aktiviteter f\u00f6r b\u00e5de den \u00f6ppna milj\u00f6n och i klassrummet. P\u00e5 v\u00e5r skola har vi ocks\u00e5 mobilf\u00f6rbud p\u00e5 skoltid vilket g\u00f6r att v\u00e5ra elever f\u00e5r en paus fr\u00e5n sociala medier och kan \u00e4gna sig \u00e5t skolan.<\/p>\n\n\n\n<h2 class=\"wp-block-heading\">\u00c4r ditt barn eller n\u00e5gon ni k\u00e4nner utsatt? <\/h2>\n\n\n\n<p>P\u00e5 Polisens hemsida finns viktig information om n\u00e4that, hur man kan skydda sig och hur man ska agera om man blir utsatt.<br><a href=\"https:\/\/polisen.se\/utsatt-for-brott\/olika-typer-av-brott\/nathat\/\">https:\/\/polisen.se\/utsatt-for-brott\/olika-typer-av-bro<\/a><a href=\"https:\/\/polisen.se\/utsatt-for-brott\/polisanmalan\/hat-hot-och-vald\/nathat\/\">tt\/nathat\/<\/a><br><br>P\u00e5 Friends hemsida finns tips, r\u00e5d och hj\u00e4lp f\u00f6r unga och f\u00f6r\u00e4ldrar om n\u00e4t-mobbing<br><a href=\"https:\/\/friends.se\/kunskapsbanken\/fakta\/vad-ar-natmobbning\/\">https:\/\/friends.se\/kunskapsbanken\/fakta\/vad-ar-natmobbning\/<\/a><\/p>\n\n\n\n<p class=\"has-text-align-right\"><strong><br><\/strong><em>Johanna Lavin<\/em><strong><br><br><\/strong><\/p>\n<\/div>\n\n\n\n<div class=\"wp-block-column is-layout-flow wp-block-column-is-layout-flow\" style=\"flex-basis:25%\"><\/div>\n<\/div>\n\n\n\n<p><\/p>\n","protected":false},"template":"","article_category":[11],"yoast_head":"<!-- This site is optimized with the Yoast SEO plugin v22.0 - https:\/\/yoast.com\/wordpress\/plugins\/seo\/ -->\n<title>Johanneberg<\/title>\n<meta name=\"robots\" content=\"index, follow, max-snippet:-1, max-image-preview:large, max-video-preview:-1\" \/>\n<link rel=\"canonical\" href=\"https:\/\/innovitaskolan.se\/johanneberg\/artiklar\/tackla-utsatthet-pa-natet\/\" \/>\n<meta property=\"og:locale\" content=\"sv_SE\" \/>\n<meta property=\"og:type\" content=\"article\" \/>\n<meta property=\"og:url\" content=\"https:\/\/innovitaskolan.se\/johanneberg\/artiklar\/tackla-utsatthet-pa-natet\/\" \/>\n<meta property=\"og:site_name\" content=\"Johanneberg\" \/>\n<meta property=\"article:modified_time\" content=\"2024-08-27T13:51:59+00:00\" \/>\n<meta name=\"twitter:card\" content=\"summary_large_image\" \/>\n<meta name=\"twitter:image\" content=\"https:\/\/innovitaskolan.se\/wp-content\/uploads\/sites\/8\/2023\/03\/no-hate.png\" \/>\n<meta name=\"twitter:label1\" content=\"Ber\u00e4knad l\u00e4stid\" \/>\n\t<meta name=\"twitter:data1\" content=\"3 minuter\" \/>\n<script type=\"application\/ld+json\" class=\"yoast-schema-graph\">{\"@context\":\"https:\/\/schema.org\",\"@graph\":[{\"@type\":\"WebPage\",\"@id\":\"https:\/\/innovitaskolan.se\/johanneberg\/artiklar\/tackla-utsatthet-pa-natet\/\",\"url\":\"https:\/\/innovitaskolan.se\/johanneberg\/artiklar\/tackla-utsatthet-pa-natet\/\",\"name\":\"Tackla utsatthet p\u00e5 n\u00e4tet - Johanneberg\",\"isPartOf\":{\"@id\":\"https:\/\/innovitaskolan.se\/johanneberg\/#website\"},\"datePublished\":\"2023-03-14T10:16:16+00:00\",\"dateModified\":\"2024-08-27T13:51:59+00:00\",\"breadcrumb\":{\"@id\":\"https:\/\/innovitaskolan.se\/johanneberg\/artiklar\/tackla-utsatthet-pa-natet\/#breadcrumb\"},\"inLanguage\":\"sv-SE\",\"potentialAction\":[{\"@type\":\"ReadAction\",\"target\":[\"https:\/\/innovitaskolan.se\/johanneberg\/artiklar\/tackla-utsatthet-pa-natet\/\"]}]},{\"@type\":\"BreadcrumbList\",\"@id\":\"https:\/\/innovitaskolan.se\/johanneberg\/artiklar\/tackla-utsatthet-pa-natet\/#breadcrumb\",\"itemListElement\":[{\"@type\":\"ListItem\",\"position\":1,\"name\":\"Start\",\"item\":\"https:\/\/innovitaskolan.se\/johanneberg\"},{\"@type\":\"ListItem\",\"position\":2,\"name\":\"Artiklar\"}]},{\"@type\":\"WebSite\",\"@id\":\"https:\/\/innovitaskolan.se\/johanneberg\/#website\",\"url\":\"https:\/\/innovitaskolan.se\/johanneberg\/\",\"name\":\"Johanneberg\",\"description\":\"En del av AcadeMedia\",\"potentialAction\":[{\"@type\":\"SearchAction\",\"target\":{\"@type\":\"EntryPoint\",\"urlTemplate\":\"https:\/\/innovitaskolan.se\/johanneberg\/?s={search_term_string}\"},\"query-input\":\"required name=search_term_string\"}],\"inLanguage\":\"sv-SE\"}]}<\/script>\n<!-- \/ Yoast SEO plugin. -->","yoast_head_json":{"title":"Johanneberg","robots":{"index":"index","follow":"follow","max-snippet":"max-snippet:-1","max-image-preview":"max-image-preview:large","max-video-preview":"max-video-preview:-1"},"canonical":"https:\/\/innovitaskolan.se\/johanneberg\/artiklar\/tackla-utsatthet-pa-natet\/","og_locale":"sv_SE","og_type":"article","og_url":"https:\/\/innovitaskolan.se\/johanneberg\/artiklar\/tackla-utsatthet-pa-natet\/","og_site_name":"Johanneberg","article_modified_time":"2024-08-27T13:51:59+00:00","twitter_card":"summary_large_image","twitter_image":"https:\/\/innovitaskolan.se\/wp-content\/uploads\/sites\/8\/2023\/03\/no-hate.png","twitter_misc":{"Ber\u00e4knad l\u00e4stid":"3 minuter"},"schema":{"@context":"https:\/\/schema.org","@graph":[{"@type":"WebPage","@id":"https:\/\/innovitaskolan.se\/johanneberg\/artiklar\/tackla-utsatthet-pa-natet\/","url":"https:\/\/innovitaskolan.se\/johanneberg\/artiklar\/tackla-utsatthet-pa-natet\/","name":"Tackla utsatthet p\u00e5 n\u00e4tet - Johanneberg","isPartOf":{"@id":"https:\/\/innovitaskolan.se\/johanneberg\/#website"},"datePublished":"2023-03-14T10:16:16+00:00","dateModified":"2024-08-27T13:51:59+00:00","breadcrumb":{"@id":"https:\/\/innovitaskolan.se\/johanneberg\/artiklar\/tackla-utsatthet-pa-natet\/#breadcrumb"},"inLanguage":"sv-SE","potentialAction":[{"@type":"ReadAction","target":["https:\/\/innovitaskolan.se\/johanneberg\/artiklar\/tackla-utsatthet-pa-natet\/"]}]},{"@type":"BreadcrumbList","@id":"https:\/\/innovitaskolan.se\/johanneberg\/artiklar\/tackla-utsatthet-pa-natet\/#breadcrumb","itemListElement":[{"@type":"ListItem","position":1,"name":"Start","item":"https:\/\/innovitaskolan.se\/johanneberg"},{"@type":"ListItem","position":2,"name":"Artiklar"}]},{"@type":"WebSite","@id":"https:\/\/innovitaskolan.se\/johanneberg\/#website","url":"https:\/\/innovitaskolan.se\/johanneberg\/","name":"Johanneberg","description":"En del av AcadeMedia","potentialAction":[{"@type":"SearchAction","target":{"@type":"EntryPoint","urlTemplate":"https:\/\/innovitaskolan.se\/johanneberg\/?s={search_term_string}"},"query-input":"required name=search_term_string"}],"inLanguage":"sv-SE"}]}},"_links":{"self":[{"href":"https:\/\/innovitaskolan.se\/johanneberg\/wp-json\/wp\/v2\/article\/1720"}],"collection":[{"href":"https:\/\/innovitaskolan.se\/johanneberg\/wp-json\/wp\/v2\/article"}],"about":[{"href":"https:\/\/innovitaskolan.se\/johanneberg\/wp-json\/wp\/v2\/types\/article"}],"wp:attachment":[{"href":"https:\/\/innovitaskolan.se\/johanneberg\/wp-json\/wp\/v2\/media?parent=1720"}],"wp:term":[{"taxonomy":"article_category","embeddable":true,"href":"https:\/\/innovitaskolan.se\/johanneberg\/wp-json\/wp\/v2\/article_category?post=1720"}],"curies":[{"name":"wp","href":"https:\/\/api.w.org\/{rel}","templated":true}]}}