{"id":1567,"date":"2022-06-20T09:32:24","date_gmt":"2022-06-20T07:32:24","guid":{"rendered":"https:\/\/innovitaskolan.se\/johanneberg\/?post_type=article&#038;p=1567"},"modified":"2025-08-13T08:45:05","modified_gmt":"2025-08-13T06:45:05","slug":"intervju-rektor-jenny","status":"publish","type":"article","link":"https:\/\/innovitaskolan.se\/johanneberg\/artiklar\/intervju-rektor-jenny\/","title":{"rendered":"Intervju rektor Jenny"},"content":{"rendered":"\t<div\n\t\t class=\"module_wrapper container-fluid images-module\" >\n\t\t<div class=\"row\">\n\t\t\t<div\n\t\t\t\t\tclass=\"col-12 m-0 p-0 position-relative images_module__slideshow images_module__slideshow-container module-expand \">\n\n\t\t\t\t<div class=\"images_module__slide \" data-slide=\"\"\n\t\t\t\t\t data-duration=\"\"><\/div>\n\t\t\t\t\t\t\t\t\t<div\n\t\t\t\t\t\t class=\"images_module__slides \">\n\n\n\t\t\t\t\t\t<div class=\"images__wrapper\"\n\t\t\t\t\t\t\t style=\"aspect-ratio: 1441 \/ 531;\">\n\t\t\t\t\t\t\t<img decoding=\"async\" width=\"1075\" height=\"599\" src=\"https:\/\/innovitaskolan.se\/wp-content\/uploads\/sites\/8\/2022\/06\/elev-i-klassrum-e1656417812991.png\" class=\"images__image_ratio  \" alt=\"En elev p\u00e5 Innovitaskolan visar upp en l\u00e4robok f\u00f6r en annan elev\" style=\"aspect-ratio: 1441 \/ 531;object-position: center center;\" srcset=\"https:\/\/innovitaskolan.se\/wp-content\/uploads\/sites\/8\/2022\/06\/elev-i-klassrum-e1656417812991.png 1075w, https:\/\/innovitaskolan.se\/wp-content\/uploads\/sites\/8\/2022\/06\/elev-i-klassrum-e1656417812991-300x167.png 300w, https:\/\/innovitaskolan.se\/wp-content\/uploads\/sites\/8\/2022\/06\/elev-i-klassrum-e1656417812991-400x223.png 400w, https:\/\/innovitaskolan.se\/wp-content\/uploads\/sites\/8\/2022\/06\/elev-i-klassrum-e1656417812991-600x334.png 600w, https:\/\/innovitaskolan.se\/wp-content\/uploads\/sites\/8\/2022\/06\/elev-i-klassrum-e1656417812991-800x446.png 800w, https:\/\/innovitaskolan.se\/wp-content\/uploads\/sites\/8\/2022\/06\/elev-i-klassrum-e1656417812991-1024x571.png 1024w\" sizes=\"(max-width: 1075px) 100vw, 1075px\" \/>\t\t\t\t\t\t<\/div>\n\n\t\t\t\t\t\t\n\t\t\t\t\t\t\t\t\t\t\t<\/div>\n\t\t\t\t\n\t\t\t\t<div class=\"images_module__container_dot \">\n\t\t\t\t\t<div style=\"text-align:center\">\n\t\t\t\t\t\t\t\t\t\t\t\t\t<span   data-i=\"0\"\n\t\t\t\t\t\t\t\t  class=\"images_module__dot\n\t\t\t\t\t\t\t\t\t\t\t\t\t  \"><\/span>\n\t\t\t\t\t\t\t\t\t\t\t<\/div>\n\t\t\t\t<\/div>\n\n\t\t\t<\/div>\n\t\t<\/div>\n\t<\/div>\n\n\n\t\n\n\n<script>\n\tvar images_display_descriptive_text = \"\";\n<\/script>\n\n\n\n<div class=\"wp-block-columns is-layout-flex wp-container-core-columns-layout-1 wp-block-columns-is-layout-flex\">\n<div class=\"wp-block-column is-layout-flow wp-block-column-is-layout-flow\">\n<h1 class=\"wp-block-heading\">S\u00e4g hej till rektor Jenny!<\/h1>\n\n\n\n<p   class=\"site__ingress container text-left  site__text-color--dark  site__free_text--ingress p-0\">\n\tJenny Tyd\u00e9n \u00e4r rektor p\u00e5 Innovitaskolan Johanneberg och har erfarenhet av att vara rektor inom b\u00e5de grundskola och gymnasium. Nu ser hon framemot att kunna bidra till elevernas m\u00f6jlighet till l\u00e4rande och h\u00e4lsa s\u00e5 mycket som m\u00f6jligt \u00e4ven p\u00e5 v\u00e5r skola.<\/p>\n\n\n\n\n\n<p>Jenny har tidigare varit rektor p\u00e5 Lindholmens tekniska gymnasium, samt bitr\u00e4dande rektor p\u00e5 Vittra Kronhusparken. Innan dess har hon \u00e4ven varit l\u00e4rare p\u00e5 b\u00e5de h\u00f6gstadiet och gymnasiet i svenska och SVA samt idrott &amp; h\u00e4lsa. P\u00e5 sin lediga tid gillar hon bland annat att spela tennis och rida med familjens tv\u00e5 h\u00e4star.<\/p>\n\n\n\n<p>Under sin tid som rektor p\u00e5 Lindholmens tekniska gymnasium ansvarade Jenny f\u00f6r att f\u00f6rb\u00e4ttra verksamhetens brister inom trygghet, studiero, rektors styrning och ledning samt extra anpassningar och s\u00e4rskilt st\u00f6d.<\/p>\n\n\n\n<h2 class=\"wp-block-heading\">Vill du ber\u00e4tta mer om ditt arbete p\u00e5 Lindholmens tekniska gymnasium?<\/h2>\n\n\n\n<p>Mitt fokus f\u00f6rsta tiden var att verkligen f\u00e5 syn p\u00e5 vad vi beh\u00f6vde g\u00f6ra och hur vi skulle g\u00f6ra det. Att agera med stark kraft och att driva f\u00f6r\u00e4ndringsarbete med skolutveckling har hela tiden varit min drivkraft. I juni 2021 lyftes samtliga viten som skolan f\u00e5tt av Skolinspektionen och deras \u00e5terkoppling var att v\u00e5ra insatser varit b\u00e5de oerh\u00f6rt skarpa och v\u00e4ldigt bra.<\/p>\n\n\n\n<p>Som rektor har jag varit inbjuden f\u00f6r att beskriva mitt arbete med skolutveckling till utbildningsutskottet och haft \u00e4ran av att ha utbildningsministern Anna Ekstr\u00f6m p\u00e5 bes\u00f6k p\u00e5 ett av mina program.&nbsp;<\/p>\n\n\n\n<p>V\u00e5rt arbete med skolutveckling gav snabbt resultat i att antalet elever med fulla gymnasiebetyg\/studentexamen \u00f6kade stort. Genom det arbetet \u00f6nskade utbildningsministern bes\u00f6ka oss och diskutera v\u00e5ra insatser. D\u00e5 \u00e4r man stolt och k\u00e4nner att arbetet synligg\u00f6rs p\u00e5 ett viktigt s\u00e4tt.<\/p>\n\n\n\n<h2 class=\"wp-block-heading\">Vad har varit viktigast f\u00f6r dig som rektor?<\/h2>\n\n\n\n<p>Jag tycker att man som rektor ska vara en synlig och tydlig ledare, ha f\u00f6rm\u00e5ga att snabbt skapa en organisation d\u00e4r en positiv elevsyn pr\u00e4glar arbetet samt skapa f\u00f6ruts\u00e4ttningar f\u00f6r att varje elev ska n\u00e5 s\u00e5 l\u00e5ngt som m\u00f6jligt.&nbsp;<\/p>\n<\/div>\n\n\n\n<div class=\"wp-block-column is-layout-flow wp-block-column-is-layout-flow\">\n\t<style>\n\t\t.inner {\n\n\t\t\tmargin: 0 auto;\n\n\n\t\t}\n\t<\/style>\n\t<div\n\t\t class=\"container images-module\" >\n\t\t<div class=\"row images_module__slideshow\">\n\n\t\t\t<div\n\t\t\t\t\tclass=\"col-md-12 p-0 position-relative images_module__slideshow images_module__slideshow-container  \">\n\t\t\t\t<div class=\"images_module__slide\" data-slide=\"\"\n\t\t\t\t\t data-duration=\"\"><\/div>\n\t\t\t\t\t\t\t\t\t<div\n\t\t\t\t\t\t class=\"images_module__slides\n\n\t\t\t\t\t   \"\n\t\t\t\t\t>\n\n\t\t\t\t\t\t<div class=\"images__wrapper\" style=\"aspect-ratio: 851 \/ 851;\">\n\t\t\t\t\t\t\t<img decoding=\"async\" width=\"2291\" height=\"2098\" src=\"https:\/\/innovitaskolan.se\/wp-content\/uploads\/sites\/8\/2021\/04\/fullsizerender-preview.jpeg\" class=\"images__image_ratio   images-module-image-mask image-module-mask-medium-shape4 \" alt=\"\" style=\"aspect-ratio: 851 \/ 851;object-position: center center;\" srcset=\"https:\/\/innovitaskolan.se\/wp-content\/uploads\/sites\/8\/2021\/04\/fullsizerender-preview.jpeg 2291w, https:\/\/innovitaskolan.se\/wp-content\/uploads\/sites\/8\/2021\/04\/fullsizerender-preview-300x275.jpeg 300w, https:\/\/innovitaskolan.se\/wp-content\/uploads\/sites\/8\/2021\/04\/fullsizerender-preview-400x366.jpeg 400w, https:\/\/innovitaskolan.se\/wp-content\/uploads\/sites\/8\/2021\/04\/fullsizerender-preview-600x549.jpeg 600w, https:\/\/innovitaskolan.se\/wp-content\/uploads\/sites\/8\/2021\/04\/fullsizerender-preview-800x733.jpeg 800w, https:\/\/innovitaskolan.se\/wp-content\/uploads\/sites\/8\/2021\/04\/fullsizerender-preview-1024x938.jpeg 1024w, https:\/\/innovitaskolan.se\/wp-content\/uploads\/sites\/8\/2021\/04\/fullsizerender-preview-1200x1099.jpeg 1200w\" sizes=\"(max-width: 2291px) 100vw, 2291px\" \/>\t\t\t\t\t\t<\/div>\n\t\t\t\t\t\t\n\n\t\t\t\t\t\t\t\t\t\t\t<\/div>\n\t\t\t\t\n\t\t\t\t<div class=\"images_module__container_dot\">\n\t\t\t\t\t<div style=\"text-align:center\">\n\n\n\t\t\t\t\t\t\t\t\t\t\t\t\t<span   data-i=\"0\"\n\t\t\t\t\t\t\t\t  class=\"\n\t\t\t\t\t\t\timages_module__dot\n\t\t\t\t\t\t\t\t\t\t\t\t\t\t\"\n\t\t\t\t\t\t\t><\/span>\n\t\t\t\t\t\t\t\t\t\t\t<\/div>\n\t\t\t\t<\/div>\n\n\n\t\t\t<\/div>\n\t\t<\/div>\n\t<\/div>\n\n\t\n\n\n<script>\n\tvar images_display_descriptive_text = \"\";\n<\/script>\n\n\n\n<p>Att se elever utvecklas och driva sitt l\u00e4rande fram\u00e5t varje dag \u00e4r nog det allra roligaste och viktigaste i mitt uppdrag. Men ocks\u00e5 att m\u00f6ta elever efter att de slutat skolan som ber\u00e4ttar hur mycket skolan har betytt f\u00f6r dem!<\/p>\n\n\n\n<h2 class=\"wp-block-heading\">Vad tycker du \u00e4r viktigast f\u00f6r att skapa en bra skolg\u00e5ng?<\/h2>\n\n\n\n<p>Alla har behov av att f\u00e5 m\u00f6ta och k\u00e4nna trygghet, b\u00e5de elever och alla som arbetar i skolan. Alla i skolan beh\u00f6ver \u00e4ven ta ansvar f\u00f6r hur vi bem\u00f6ter varandra.&nbsp;<\/p>\n\n\n\n<p>Man ska ocks\u00e5 kunna lita p\u00e5 att f\u00e5 god undervisning s\u00e5 att man l\u00e4r sig det man beh\u00f6ver f\u00f6r framtiden. Som rektor ser jag att trygghet, studiero samt l\u00e4rares kompetens f\u00f6r arbetet i klassrummet \u00e4r centralt.&nbsp;<\/p>\n\n\n\n<h2 class=\"wp-block-heading\">Vad \u00e4r ditt b\u00e4sta tips till v\u00e5rdnadshavare inf\u00f6r ett skolval?<\/h2>\n\n\n\n<p>Kom och bes\u00f6k skolan! Prata med l\u00e4rare, elevh\u00e4lsa, rektor och elever. T\u00e4nk efter vad som \u00e4r viktigt f\u00f6r ditt barn.&nbsp;<\/p>\n\n\n\n<h2 class=\"wp-block-heading\">Vad vill du att eleverna har med sig n\u00e4r de g\u00e5r ut \u00e5rskurs 9 p\u00e5 Innovitaskolan Johanneberg?<\/h2>\n\n\n\n<p>Jag vill att de ska ha med sig en god sj\u00e4lvk\u00e4nsla. De ska \u00e4ven vara rustade med studiestrategier och kunskaper som g\u00f6r att de \u00e4r redo f\u00f6r gymnasiet.<\/p>\n<\/div>\n<\/div>\n\n\n\n<div   class=\"module_wrapper container-fluid full_width_talker_bg_img full_width_talker full_width_talker_shapes text_align--Center cpt-60 cpb-80  ams_active_link_state_default\" >\n\t<div class=\"row noblaskolan-border-6 \" style=\"border-color:#720c0e; height:100%; width:100%;\">\n\t\t<div class=\"background-shape-mobile background-shape-mobile-top fill-color  site__secondary-bg--100 \">\n<svg xmlns=\"http:\/\/www.w3.org\/2000\/svg\" viewBox=\"0 0 375 78.8\">\n<g>\n\t<path class=\"st0\" d=\"M375,78.8l0-21.7C342.2,25,288.6,22,252.4,52.3l-4.1,3.5c-38.7,32.3-96.2,27.4-128.2-10.9l-10.5-12.5\n\t\tC82.2-0.3,36.8-8.7,0,9.3l0,69.5L375,78.8z\" \/>\n<\/g>\n<\/svg>\n<\/div>\n\t\t\t<div class=\"background-shape-desktop  fill-color  site__secondary-bg--100 \">\n\t\t\t<svg width=\"1005\" height=\"400\" viewBox=\"0 0 1005 400\" xmlns=\"http:\/\/www.w3.org\/2000\/svg\">\n<path d=\"M903.023 197.252H892.318C865.417 197.252 845.147 167.341 855.697 141.617C861.331 128.692 864.148 115.204 864.148 101.155C864.148 45.5197 818.513 0 762.736 0L579.331 0L514.54 0L241.136 0C185.359 0 139.724 45.5197 139.724 101.155C139.724 115.204 142.541 128.692 148.175 141.617C153.809 153.98 152.118 168.03 144.794 179.269C137.47 190.508 125.075 197.252 111.553 197.252H101.412C45.6355 197.252 0 242.772 0 298.407C0 354.042 45.6355 399.562 101.412 399.562L515.104 399.562H579.895L903.586 399.562C959.363 399.562 1005 354.042 1005 298.407C1004.44 242.21 958.8 197.252 903.023 197.252Z\" \/>\n<\/svg>\n\t\t\t\t<article class=\"text-center full-width-talker_article  site__secondary-bg--100 \">\n\t\t\t\t\t\n\t\t\t\t\t\t\t\t\t\t\t\t\t<h2   class=\"full_width_talker__heading site__heading-size-2  site__primary-color  \">\n\t\t\t\t\t\t\t\tVill du veta mer om Innovitaskolan Johanneberg? \t\t\t\t\t\t\t\t\t\t\t\t\t\t\t<\/h2>\n\t\t\t\t\t\t\t\t\t\t\t\t\t\t\t\t<div class=\"px-3 px-m-0  site__text-color--dark   site_default_a_wysiwyg\">\n\t\t\t\t\t\t<div   class=\"anchor_classes_div\" data-cta=\" nostyle site__a_cta \" data-theme=\" nostyle site__a_cta_dark \" data-darklight=\" nostyle site__a_dark \">\n\t\t\t\t\t\t\t\t\t\t\t\t\t<\/div>\n\t\t\t\t\t<\/div>\n\t\t\t\t\t\t\t\t\t<div class=\"row full_width_talker__padding_bottom\">\n\t\t\t\t\t<div class=\"col-md-12 \">\n\t\t\t\t\t\t<div class=\"card-group text_align--Center\">\n\t\t\t\t\t\t\t\t\t\t\t\t\t\t\t<div class=\"card border-0 mx-auto my-4 m-sm-4 text-center card-width\">\n\t\t\t\t\t\t\t\t\t\n\t\t\t\t\t\t\t\t\t<a     style=\"max-width:350px;\" id=\"69f4bc5c03d1e\"\n\t\t\t\t\t\t\t\t\t\thref=\"https:\/\/innovitaskolan.se\/johanneberg\/besok\/\"\n\t\t\t\t\t\t\t\t\ttarget=\"\"\n\t\t\t\t\t\t\t\t\tclass=\"btn text-center site__buttons-1 pt-2 site__cta-bg--100 site__text-color--light site__text-color--dark rounded-corners-btn-shape ams_active_button_state_default\"\n\t\t\t\t\t\t\t\t\ttitle=\"Bes\u00f6k oss\" role=\"button\">\n\t\t\t\t\t\t\t\t\t\tBes\u00f6k oss\t\t\t\t\t\t\t\t\t<\/a>\n\t\t\t\t\t\t\t\t<\/div>\n\n\t\t\t\t\t\t\t\t\t\t\t\t\t\t\t<div class=\"card border-0 mx-auto my-4 m-sm-4 text-center card-width\">\n\t\t\t\t\t\t\t\t\t\n\t\t\t\t\t\t\t\t\t<a     style=\"max-width:350px;\" id=\"69f4bc5c03d68\"\n\t\t\t\t\t\t\t\t\t\thref=\"https:\/\/innovitaskolan.se\/johanneberg\/om\/\"\n\t\t\t\t\t\t\t\t\ttarget=\"\"\n\t\t\t\t\t\t\t\t\tclass=\"btn text-center site__buttons-1 pt-2  btn-outline btn_outline__text-color_dark rounded-corners-btn-shape  ams_active_button_state_default\"\n\t\t\t\t\t\t\t\t\ttitle=\"Om skolan\" role=\"button\">\n\t\t\t\t\t\t\t\t\t\tOm skolan\t\t\t\t\t\t\t\t\t<\/a>\n\t\t\t\t\t\t\t\t<\/div>\n\n\t\t\t\t\t\t\t\t\t\t\t\t\t<\/div>\n\t\t\t\t\t<\/div>\n\t\t\t\t<\/div>\n\t\t\t\t\t\t\t\t<\/article>\n\t\t\t<\/div>\n\t\t\t<div class=\"background-shape-mobile background-shape-mobile-bottom fill-color  site__secondary-bg--100 \">\n<svg xmlns=\"http:\/\/www.w3.org\/2000\/svg\" viewBox=\"0 0 375 78.8\">\n<path class=\"st0\" d=\"M0,0l0,69.5c36.8,18,82.2,9.6,109.6-23.1l10.5-12.5c32-38.3,89.5-43.2,128.2-10.9l4.1,3.5\n\tc36.2,30.3,89.8,27.3,122.6-4.8V0H0z\" \/>\n<\/svg>\n<\/div>\n\t\t<\/div>\n\t<\/div>\n<\/div>\n","protected":false},"template":"","article_category":[26],"yoast_head":"<!-- This site is optimized with the Yoast SEO plugin v22.0 - https:\/\/yoast.com\/wordpress\/plugins\/seo\/ -->\n<title>Johanneberg<\/title>\n<meta name=\"robots\" content=\"index, follow, max-snippet:-1, max-image-preview:large, max-video-preview:-1\" \/>\n<link rel=\"canonical\" href=\"https:\/\/innovitaskolan.se\/johanneberg\/artiklar\/intervju-rektor-jenny\/\" \/>\n<meta property=\"og:locale\" content=\"sv_SE\" \/>\n<meta property=\"og:type\" content=\"article\" \/>\n<meta property=\"og:url\" content=\"https:\/\/innovitaskolan.se\/johanneberg\/artiklar\/intervju-rektor-jenny\/\" \/>\n<meta property=\"og:site_name\" content=\"Johanneberg\" \/>\n<meta property=\"article:modified_time\" content=\"2025-08-13T06:45:05+00:00\" \/>\n<meta name=\"twitter:card\" content=\"summary_large_image\" \/>\n<meta name=\"twitter:image\" content=\"https:\/\/innovitaskolan.se\/wp-content\/uploads\/sites\/8\/2022\/06\/elev-i-klassrum-e1656417812991.png\" \/>\n<meta name=\"twitter:label1\" content=\"Ber\u00e4knad l\u00e4stid\" \/>\n\t<meta name=\"twitter:data1\" content=\"4 minuter\" \/>\n<script type=\"application\/ld+json\" class=\"yoast-schema-graph\">{\"@context\":\"https:\/\/schema.org\",\"@graph\":[{\"@type\":\"WebPage\",\"@id\":\"https:\/\/innovitaskolan.se\/johanneberg\/artiklar\/intervju-rektor-jenny\/\",\"url\":\"https:\/\/innovitaskolan.se\/johanneberg\/artiklar\/intervju-rektor-jenny\/\",\"name\":\"Intervju rektor Jenny - Johanneberg\",\"isPartOf\":{\"@id\":\"https:\/\/innovitaskolan.se\/johanneberg\/#website\"},\"datePublished\":\"2022-06-20T07:32:24+00:00\",\"dateModified\":\"2025-08-13T06:45:05+00:00\",\"breadcrumb\":{\"@id\":\"https:\/\/innovitaskolan.se\/johanneberg\/artiklar\/intervju-rektor-jenny\/#breadcrumb\"},\"inLanguage\":\"sv-SE\",\"potentialAction\":[{\"@type\":\"ReadAction\",\"target\":[\"https:\/\/innovitaskolan.se\/johanneberg\/artiklar\/intervju-rektor-jenny\/\"]}]},{\"@type\":\"BreadcrumbList\",\"@id\":\"https:\/\/innovitaskolan.se\/johanneberg\/artiklar\/intervju-rektor-jenny\/#breadcrumb\",\"itemListElement\":[{\"@type\":\"ListItem\",\"position\":1,\"name\":\"Start\",\"item\":\"https:\/\/innovitaskolan.se\/johanneberg\"},{\"@type\":\"ListItem\",\"position\":2,\"name\":\"Artiklar\"}]},{\"@type\":\"WebSite\",\"@id\":\"https:\/\/innovitaskolan.se\/johanneberg\/#website\",\"url\":\"https:\/\/innovitaskolan.se\/johanneberg\/\",\"name\":\"Johanneberg\",\"description\":\"En del av AcadeMedia\",\"potentialAction\":[{\"@type\":\"SearchAction\",\"target\":{\"@type\":\"EntryPoint\",\"urlTemplate\":\"https:\/\/innovitaskolan.se\/johanneberg\/?s={search_term_string}\"},\"query-input\":\"required name=search_term_string\"}],\"inLanguage\":\"sv-SE\"}]}<\/script>\n<!-- \/ Yoast SEO plugin. -->","yoast_head_json":{"title":"Johanneberg","robots":{"index":"index","follow":"follow","max-snippet":"max-snippet:-1","max-image-preview":"max-image-preview:large","max-video-preview":"max-video-preview:-1"},"canonical":"https:\/\/innovitaskolan.se\/johanneberg\/artiklar\/intervju-rektor-jenny\/","og_locale":"sv_SE","og_type":"article","og_url":"https:\/\/innovitaskolan.se\/johanneberg\/artiklar\/intervju-rektor-jenny\/","og_site_name":"Johanneberg","article_modified_time":"2025-08-13T06:45:05+00:00","twitter_card":"summary_large_image","twitter_image":"https:\/\/innovitaskolan.se\/wp-content\/uploads\/sites\/8\/2022\/06\/elev-i-klassrum-e1656417812991.png","twitter_misc":{"Ber\u00e4knad l\u00e4stid":"4 minuter"},"schema":{"@context":"https:\/\/schema.org","@graph":[{"@type":"WebPage","@id":"https:\/\/innovitaskolan.se\/johanneberg\/artiklar\/intervju-rektor-jenny\/","url":"https:\/\/innovitaskolan.se\/johanneberg\/artiklar\/intervju-rektor-jenny\/","name":"Intervju rektor Jenny - Johanneberg","isPartOf":{"@id":"https:\/\/innovitaskolan.se\/johanneberg\/#website"},"datePublished":"2022-06-20T07:32:24+00:00","dateModified":"2025-08-13T06:45:05+00:00","breadcrumb":{"@id":"https:\/\/innovitaskolan.se\/johanneberg\/artiklar\/intervju-rektor-jenny\/#breadcrumb"},"inLanguage":"sv-SE","potentialAction":[{"@type":"ReadAction","target":["https:\/\/innovitaskolan.se\/johanneberg\/artiklar\/intervju-rektor-jenny\/"]}]},{"@type":"BreadcrumbList","@id":"https:\/\/innovitaskolan.se\/johanneberg\/artiklar\/intervju-rektor-jenny\/#breadcrumb","itemListElement":[{"@type":"ListItem","position":1,"name":"Start","item":"https:\/\/innovitaskolan.se\/johanneberg"},{"@type":"ListItem","position":2,"name":"Artiklar"}]},{"@type":"WebSite","@id":"https:\/\/innovitaskolan.se\/johanneberg\/#website","url":"https:\/\/innovitaskolan.se\/johanneberg\/","name":"Johanneberg","description":"En del av AcadeMedia","potentialAction":[{"@type":"SearchAction","target":{"@type":"EntryPoint","urlTemplate":"https:\/\/innovitaskolan.se\/johanneberg\/?s={search_term_string}"},"query-input":"required name=search_term_string"}],"inLanguage":"sv-SE"}]}},"_links":{"self":[{"href":"https:\/\/innovitaskolan.se\/johanneberg\/wp-json\/wp\/v2\/article\/1567"}],"collection":[{"href":"https:\/\/innovitaskolan.se\/johanneberg\/wp-json\/wp\/v2\/article"}],"about":[{"href":"https:\/\/innovitaskolan.se\/johanneberg\/wp-json\/wp\/v2\/types\/article"}],"wp:attachment":[{"href":"https:\/\/innovitaskolan.se\/johanneberg\/wp-json\/wp\/v2\/media?parent=1567"}],"wp:term":[{"taxonomy":"article_category","embeddable":true,"href":"https:\/\/innovitaskolan.se\/johanneberg\/wp-json\/wp\/v2\/article_category?post=1567"}],"curies":[{"name":"wp","href":"https:\/\/api.w.org\/{rel}","templated":true}]}}