{"id":1609,"date":"2022-05-18T11:43:07","date_gmt":"2022-05-18T09:43:07","guid":{"rendered":"https:\/\/innovitaskolan.se\/farstaang\/?post_type=article&#038;p=1609"},"modified":"2024-08-27T15:37:32","modified_gmt":"2024-08-27T13:37:32","slug":"intervju-rektor-farstaang","status":"publish","type":"article","link":"https:\/\/innovitaskolan.se\/farstaang\/artiklar\/intervju-rektor-farstaang\/","title":{"rendered":"Intervju rektor Jannice"},"content":{"rendered":"\t<div\n\t\t class=\"module_wrapper container-fluid images-module\" >\n\t\t<div class=\"row\">\n\t\t\t<div\n\t\t\t\t\tclass=\"col-12 m-0 p-0 position-relative images_module__slideshow images_module__slideshow-container module-expand \">\n\n\t\t\t\t<div class=\"images_module__slide \" data-slide=\"\"\n\t\t\t\t\t data-duration=\"\"><\/div>\n\t\t\t\t\t\t\t\t\t<div\n\t\t\t\t\t\t class=\"images_module__slides \">\n\n\n\t\t\t\t\t\t<div class=\"images__wrapper\"\n\t\t\t\t\t\t\t style=\"aspect-ratio: 1441 \/ 531;\">\n\t\t\t\t\t\t\t<img decoding=\"async\" width=\"1920\" height=\"755\" src=\"https:\/\/innovitaskolan.se\/wp-content\/uploads\/sites\/6\/2024\/06\/innovitaskolan-balance-farstaang-202405-1-e1725289280620.jpg\" class=\"images__image_ratio  \" alt=\"Tre elever sitter i skuggan och pratar p\u00e5 rasten.\" style=\"aspect-ratio: 1441 \/ 531;object-position: center center;\" srcset=\"https:\/\/innovitaskolan.se\/wp-content\/uploads\/sites\/6\/2024\/06\/innovitaskolan-balance-farstaang-202405-1-e1725289280620.jpg 1920w, https:\/\/innovitaskolan.se\/wp-content\/uploads\/sites\/6\/2024\/06\/innovitaskolan-balance-farstaang-202405-1-e1725289280620-300x118.jpg 300w, https:\/\/innovitaskolan.se\/wp-content\/uploads\/sites\/6\/2024\/06\/innovitaskolan-balance-farstaang-202405-1-e1725289280620-400x157.jpg 400w, https:\/\/innovitaskolan.se\/wp-content\/uploads\/sites\/6\/2024\/06\/innovitaskolan-balance-farstaang-202405-1-e1725289280620-600x236.jpg 600w, https:\/\/innovitaskolan.se\/wp-content\/uploads\/sites\/6\/2024\/06\/innovitaskolan-balance-farstaang-202405-1-e1725289280620-800x315.jpg 800w, https:\/\/innovitaskolan.se\/wp-content\/uploads\/sites\/6\/2024\/06\/innovitaskolan-balance-farstaang-202405-1-e1725289280620-1024x403.jpg 1024w, https:\/\/innovitaskolan.se\/wp-content\/uploads\/sites\/6\/2024\/06\/innovitaskolan-balance-farstaang-202405-1-e1725289280620-1200x472.jpg 1200w\" sizes=\"(max-width: 1920px) 100vw, 1920px\" \/>\t\t\t\t\t\t<\/div>\n\n\t\t\t\t\t\t\n\t\t\t\t\t\t\t\t\t\t\t<\/div>\n\t\t\t\t\n\t\t\t\t<div class=\"images_module__container_dot \">\n\t\t\t\t\t<div style=\"text-align:center\">\n\t\t\t\t\t\t\t\t\t\t\t\t\t<span   data-i=\"0\"\n\t\t\t\t\t\t\t\t  class=\"images_module__dot\n\t\t\t\t\t\t\t\t\t\t\t\t\t  \"><\/span>\n\t\t\t\t\t\t\t\t\t\t\t<\/div>\n\t\t\t\t<\/div>\n\n\t\t\t<\/div>\n\t\t<\/div>\n\t<\/div>\n\n\n\t\n\n\n<script>\n\tvar images_display_descriptive_text = \"\";\n<\/script>\n\n\n\n<div class=\"wp-block-columns is-layout-flex wp-container-core-columns-layout-1 wp-block-columns-is-layout-flex\">\n<div class=\"wp-block-column is-layout-flow wp-block-column-is-layout-flow\">\n<h1 class=\"wp-block-heading\">S\u00e4g hej till rektor Jannice!<\/h1>\n\n\n\n<p   class=\"site__ingress container text-left  site__text-color--dark  site__free_text--ingress p-0\">\n\tJannice Rockstroh, rektor f\u00f6r Innovitaskolan Farsta\u00e4ng, \u00e4r en driven och engagerad skolledare som brinner f\u00f6r skolutveckling. Det b\u00e4sta med rektorsjobbet anser hon \u00e4r att f\u00e5 vara med i verksamheten, p\u00e5 lektioner eller raster och se hur elever v\u00e4xer och l\u00e4r sig. I den h\u00e4r intervjun f\u00e5r vi l\u00e4ra k\u00e4nna Jannice lite b\u00e4ttre.<\/p>\n\n\n\n\n\n<h2 class=\"wp-block-heading\">Hej Jannice, vill du ber\u00e4tta lite kort om dig?<\/h2>\n\n\n\n<p>Jag \u00e4r en driven och engagerade skolledare som brinner f\u00f6r skolutveckling. Jag bor med min man och mina tre barn i Tyres\u00f6 och \u00e4lskar att fixa i tr\u00e4dg\u00e5rden, att laga mat p\u00e5 stormk\u00f6k ute i skogen och att vinterbada.<\/p>\n\n\n\n<h2 class=\"wp-block-heading\">Varf\u00f6r best\u00e4mde du dig f\u00f6r att bli rektor?<\/h2>\n\n\n\n<p>Att vara rektor \u00e4r bland det finaste uppdrag en kan ha och jag \u00e4lskar att bidra till att skapa bra f\u00f6ruts\u00e4ttningar f\u00f6r l\u00e4rande genom att leda och motiverar l\u00e4rare till att bli \u00e4n mer skickliga pedagoger. <\/p>\n\n\n\n<p>Skolan har ett otroligt viktigt och kompensatoriskt uppdrag och jag brinner f\u00f6r fr\u00e5gor inom kunskap, trygghet och likv\u00e4rdighet.&nbsp;<\/p>\n\n\n\n<h2 class=\"wp-block-heading\">Vad \u00e4r det b\u00e4sta med ditt jobb?<\/h2>\n\n\n\n<p>Det allra b\u00e4sta med mitt jobb \u00e4r n\u00e4r jag f\u00e5r vara med i verksamheten, p\u00e5 lektioner eller raster och se hur elever v\u00e4xer och l\u00e4r sig. Att ge varje barn s\u00e5 bra f\u00f6ruts\u00e4ttningar som m\u00f6jligt att n\u00e5 s\u00e5 l\u00e5ngt det \u00e4r m\u00f6jligt.<\/p>\n\n\n\n<p>Jag k\u00e4nner mig otroligt stolt n\u00e4r jag ser personalens driv och h\u00f6ga engagemang i verksamheten p\u00e5 fritids och i klassrummet och n\u00e4r jag ser elever lyckas utefter deras f\u00f6rm\u00e5ga.&nbsp;<\/p>\n\n\n\n<h2 class=\"wp-block-heading\">Vad tycker du \u00e4r viktigast f\u00f6r att skapa en bra skolg\u00e5ng?<\/h2>\n\n\n\n<p>Barn som \u00e4r trygga och m\u00e5r bra \u2013 ges b\u00e4ttre f\u00f6ruts\u00e4ttningar att l\u00e4ra.&nbsp; D\u00e4rf\u00f6r \u00e4r trygghet och arbetsro tillsammans med att vi har utbildade, motiverade och engagerade medarbetare, viktiga fr\u00e5gor f\u00f6r mig.<\/p>\n<\/div>\n\n\n\n<div class=\"wp-block-column is-layout-flow wp-block-column-is-layout-flow\">\n\t<style>\n\t\t.inner {\n\n\t\t\tmargin: 0 auto;\n\n\n\t\t}\n\t<\/style>\n\t<div\n\t\t class=\"container images-module\" >\n\t\t<div class=\"row images_module__slideshow\">\n\n\t\t\t<div\n\t\t\t\t\tclass=\"col-md-12 p-0 position-relative images_module__slideshow images_module__slideshow-container  \">\n\t\t\t\t<div class=\"images_module__slide\" data-slide=\"\"\n\t\t\t\t\t data-duration=\"\"><\/div>\n\t\t\t\t\t\t\t\t\t<div\n\t\t\t\t\t\t class=\"images_module__slides\n\n\t\t\t\t\t   \"\n\t\t\t\t\t>\n\n\t\t\t\t\t\t<div class=\"images__wrapper\" style=\"aspect-ratio: 851 \/ 851;\">\n\t\t\t\t\t\t\t<img decoding=\"async\" width=\"2560\" height=\"1440\" src=\"https:\/\/innovitaskolan.se\/wp-content\/uploads\/sites\/6\/2022\/05\/img6086-scaled.jpeg\" class=\"images__image_ratio   images-module-image-mask image-module-mask-medium-shape4 \" alt=\"Skolans rektor Jannice Rockstroh.\" style=\"aspect-ratio: 851 \/ 851;object-position: center center;\" srcset=\"https:\/\/innovitaskolan.se\/wp-content\/uploads\/sites\/6\/2022\/05\/img6086-scaled.jpeg 2560w, https:\/\/innovitaskolan.se\/wp-content\/uploads\/sites\/6\/2022\/05\/img6086-scaled-300x169.jpeg 300w, https:\/\/innovitaskolan.se\/wp-content\/uploads\/sites\/6\/2022\/05\/img6086-scaled-400x225.jpeg 400w, https:\/\/innovitaskolan.se\/wp-content\/uploads\/sites\/6\/2022\/05\/img6086-scaled-600x338.jpeg 600w, https:\/\/innovitaskolan.se\/wp-content\/uploads\/sites\/6\/2022\/05\/img6086-scaled-800x450.jpeg 800w, https:\/\/innovitaskolan.se\/wp-content\/uploads\/sites\/6\/2022\/05\/img6086-scaled-1024x576.jpeg 1024w, https:\/\/innovitaskolan.se\/wp-content\/uploads\/sites\/6\/2022\/05\/img6086-scaled-1200x675.jpeg 1200w, https:\/\/innovitaskolan.se\/wp-content\/uploads\/sites\/6\/2022\/05\/img6086-scaled-1920x1080.jpeg 1920w\" sizes=\"(max-width: 2560px) 100vw, 2560px\" \/>\t\t\t\t\t\t<\/div>\n\t\t\t\t\t\t\n\n\t\t\t\t\t\t\t\t\t\t\t<\/div>\n\t\t\t\t\n\t\t\t\t<div class=\"images_module__container_dot\">\n\t\t\t\t\t<div style=\"text-align:center\">\n\n\n\t\t\t\t\t\t\t\t\t\t\t\t\t<span   data-i=\"0\"\n\t\t\t\t\t\t\t\t  class=\"\n\t\t\t\t\t\t\timages_module__dot\n\t\t\t\t\t\t\t\t\t\t\t\t\t\t\"\n\t\t\t\t\t\t\t><\/span>\n\t\t\t\t\t\t\t\t\t\t\t<\/div>\n\t\t\t\t<\/div>\n\n\n\t\t\t<\/div>\n\t\t<\/div>\n\t<\/div>\n\n\t\n\n\n<script>\n\tvar images_display_descriptive_text = \"\";\n<\/script>\n\n\n\n<h2 class=\"wp-block-heading\">Hur skulle du beskriva Innovitaskolan Farsta\u00e4ng?<\/h2>\n\n\n\n<p>P\u00e5 Innovitaskolan Farsta\u00e4ng g\u00f6r vi varandra bra \u2013 vi \u00e4r en skola d\u00e4r elever och medarbetare ska k\u00e4nna sig delaktiga, trygga och g\u00e5 till skolan\/jobbet med gl\u00e4dje. &nbsp;<\/p>\n\n\n\n<p>H\u00e4r hj\u00e4lps alla \u00e5t och medarbetarna bidrar till att st\u00e4ndigt f\u00f6rb\u00e4ttra verksamheten f\u00f6r barnen. Vi har \u00e4ven ett starkt elevh\u00e4lsoteam med en underbar skolhund, Iris som en av v\u00e5ra mest popul\u00e4ra medarbetare.<\/p>\n\n\n\n<h2 class=\"wp-block-heading\">Vad \u00e4r ditt b\u00e4sta tips inf\u00f6r att g\u00f6ra ett skolval?<\/h2>\n\n\n\n<p>Mitt fr\u00e4msta tips \u00e4r att bes\u00f6ka skolan p\u00e5 ett \u00f6ppet hus, st\u00e4ll fr\u00e5gor till l\u00e4rare och rektor kring viktiga \u00e4mnen f\u00f6r just dig och ditt barn. Bilda dig en egen uppfattning om skolan.<\/p>\n\n\n\n<h2 class=\"wp-block-heading\">Vad vill du att eleverna har med sig n\u00e4r de g\u00e5r ut \u00e5rskurs 5 p\u00e5 Innovitaskolan Farsta\u00e4ng?<\/h2>\n\n\n\n<p>Givetvis ska alla som g\u00e5r hos oss p\u00e5 Innovitaskolan Farsta\u00e4ng n\u00e5 alla kunskapskrav. Men, lika viktigt \u00e4r det att eleverna, efter sitt sista \u00e5r hos oss ska k\u00e4nna sig trygga, ha en god sj\u00e4lvk\u00e4nsla och en framtidstro som skapar l\u00e4ngtan inf\u00f6r ett nytt skol\u00e5r och att en vilja att l\u00e4ra sig \u00e4n mer p\u00e5 en ny skola. <\/p>\n\n\n\n<p>Lyckas vi med det s\u00e5 har vi skapat fina f\u00f6ruts\u00e4ttningar f\u00f6r resten av de h\u00e4r barnens liv. Det \u00e4r en h\u00e4ftig k\u00e4nsla!<\/p>\n<\/div>\n<\/div>\n","protected":false},"template":"","article_category":[26],"yoast_head":"<!-- This site is optimized with the Yoast SEO plugin v22.0 - https:\/\/yoast.com\/wordpress\/plugins\/seo\/ -->\n<title>Farsta\u00e4ng<\/title>\n<meta name=\"robots\" content=\"index, follow, max-snippet:-1, max-image-preview:large, max-video-preview:-1\" \/>\n<link rel=\"canonical\" href=\"https:\/\/innovitaskolan.se\/farstaang\/artiklar\/intervju-rektor-farstaang\/\" \/>\n<meta property=\"og:locale\" content=\"sv_SE\" \/>\n<meta property=\"og:type\" content=\"article\" \/>\n<meta property=\"og:url\" content=\"https:\/\/innovitaskolan.se\/farstaang\/artiklar\/intervju-rektor-farstaang\/\" \/>\n<meta property=\"og:site_name\" content=\"Farsta\u00e4ng\" \/>\n<meta property=\"article:modified_time\" content=\"2024-08-27T13:37:32+00:00\" \/>\n<meta name=\"twitter:card\" content=\"summary_large_image\" \/>\n<meta name=\"twitter:image\" content=\"https:\/\/innovitaskolan.se\/wp-content\/uploads\/sites\/6\/2024\/06\/innovitaskolan-balance-farstaang-202405-1-e1725289280620-1200x630.jpg\" \/>\n<meta name=\"twitter:label1\" content=\"Ber\u00e4knad l\u00e4stid\" \/>\n\t<meta name=\"twitter:data1\" content=\"4 minuter\" \/>\n<script type=\"application\/ld+json\" class=\"yoast-schema-graph\">{\"@context\":\"https:\/\/schema.org\",\"@graph\":[{\"@type\":\"WebPage\",\"@id\":\"https:\/\/innovitaskolan.se\/farstaang\/artiklar\/intervju-rektor-farstaang\/\",\"url\":\"https:\/\/innovitaskolan.se\/farstaang\/artiklar\/intervju-rektor-farstaang\/\",\"name\":\"Intervju rektor Jannice - Farsta\u00e4ng\",\"isPartOf\":{\"@id\":\"https:\/\/innovitaskolan.se\/farstaang\/#website\"},\"datePublished\":\"2022-05-18T09:43:07+00:00\",\"dateModified\":\"2024-08-27T13:37:32+00:00\",\"breadcrumb\":{\"@id\":\"https:\/\/innovitaskolan.se\/farstaang\/artiklar\/intervju-rektor-farstaang\/#breadcrumb\"},\"inLanguage\":\"sv-SE\",\"potentialAction\":[{\"@type\":\"ReadAction\",\"target\":[\"https:\/\/innovitaskolan.se\/farstaang\/artiklar\/intervju-rektor-farstaang\/\"]}]},{\"@type\":\"BreadcrumbList\",\"@id\":\"https:\/\/innovitaskolan.se\/farstaang\/artiklar\/intervju-rektor-farstaang\/#breadcrumb\",\"itemListElement\":[{\"@type\":\"ListItem\",\"position\":1,\"name\":\"Start\",\"item\":\"https:\/\/innovitaskolan.se\/farstaang\"},{\"@type\":\"ListItem\",\"position\":2,\"name\":\"Artiklar\"}]},{\"@type\":\"WebSite\",\"@id\":\"https:\/\/innovitaskolan.se\/farstaang\/#website\",\"url\":\"https:\/\/innovitaskolan.se\/farstaang\/\",\"name\":\"Farsta\u00e4ng\",\"description\":\"En del av AcadeMedia\",\"potentialAction\":[{\"@type\":\"SearchAction\",\"target\":{\"@type\":\"EntryPoint\",\"urlTemplate\":\"https:\/\/innovitaskolan.se\/farstaang\/?s={search_term_string}\"},\"query-input\":\"required name=search_term_string\"}],\"inLanguage\":\"sv-SE\"}]}<\/script>\n<!-- \/ Yoast SEO plugin. -->","yoast_head_json":{"title":"Farsta\u00e4ng","robots":{"index":"index","follow":"follow","max-snippet":"max-snippet:-1","max-image-preview":"max-image-preview:large","max-video-preview":"max-video-preview:-1"},"canonical":"https:\/\/innovitaskolan.se\/farstaang\/artiklar\/intervju-rektor-farstaang\/","og_locale":"sv_SE","og_type":"article","og_url":"https:\/\/innovitaskolan.se\/farstaang\/artiklar\/intervju-rektor-farstaang\/","og_site_name":"Farsta\u00e4ng","article_modified_time":"2024-08-27T13:37:32+00:00","twitter_card":"summary_large_image","twitter_image":"https:\/\/innovitaskolan.se\/wp-content\/uploads\/sites\/6\/2024\/06\/innovitaskolan-balance-farstaang-202405-1-e1725289280620-1200x630.jpg","twitter_misc":{"Ber\u00e4knad l\u00e4stid":"4 minuter"},"schema":{"@context":"https:\/\/schema.org","@graph":[{"@type":"WebPage","@id":"https:\/\/innovitaskolan.se\/farstaang\/artiklar\/intervju-rektor-farstaang\/","url":"https:\/\/innovitaskolan.se\/farstaang\/artiklar\/intervju-rektor-farstaang\/","name":"Intervju rektor Jannice - Farsta\u00e4ng","isPartOf":{"@id":"https:\/\/innovitaskolan.se\/farstaang\/#website"},"datePublished":"2022-05-18T09:43:07+00:00","dateModified":"2024-08-27T13:37:32+00:00","breadcrumb":{"@id":"https:\/\/innovitaskolan.se\/farstaang\/artiklar\/intervju-rektor-farstaang\/#breadcrumb"},"inLanguage":"sv-SE","potentialAction":[{"@type":"ReadAction","target":["https:\/\/innovitaskolan.se\/farstaang\/artiklar\/intervju-rektor-farstaang\/"]}]},{"@type":"BreadcrumbList","@id":"https:\/\/innovitaskolan.se\/farstaang\/artiklar\/intervju-rektor-farstaang\/#breadcrumb","itemListElement":[{"@type":"ListItem","position":1,"name":"Start","item":"https:\/\/innovitaskolan.se\/farstaang"},{"@type":"ListItem","position":2,"name":"Artiklar"}]},{"@type":"WebSite","@id":"https:\/\/innovitaskolan.se\/farstaang\/#website","url":"https:\/\/innovitaskolan.se\/farstaang\/","name":"Farsta\u00e4ng","description":"En del av AcadeMedia","potentialAction":[{"@type":"SearchAction","target":{"@type":"EntryPoint","urlTemplate":"https:\/\/innovitaskolan.se\/farstaang\/?s={search_term_string}"},"query-input":"required name=search_term_string"}],"inLanguage":"sv-SE"}]}},"_links":{"self":[{"href":"https:\/\/innovitaskolan.se\/farstaang\/wp-json\/wp\/v2\/article\/1609"}],"collection":[{"href":"https:\/\/innovitaskolan.se\/farstaang\/wp-json\/wp\/v2\/article"}],"about":[{"href":"https:\/\/innovitaskolan.se\/farstaang\/wp-json\/wp\/v2\/types\/article"}],"wp:attachment":[{"href":"https:\/\/innovitaskolan.se\/farstaang\/wp-json\/wp\/v2\/media?parent=1609"}],"wp:term":[{"taxonomy":"article_category","embeddable":true,"href":"https:\/\/innovitaskolan.se\/farstaang\/wp-json\/wp\/v2\/article_category?post=1609"}],"curies":[{"name":"wp","href":"https:\/\/api.w.org\/{rel}","templated":true}]}}